{"id":130341,"date":"2019-10-26T13:44:42","date_gmt":"2019-10-26T16:44:42","guid":{"rendered":"http:\/\/www.caririemacao.com\/1\/?p=130341"},"modified":"2019-10-26T13:44:42","modified_gmt":"2019-10-26T16:44:42","slug":"mestrado-em-ciencias-naturais-e-biotecnologia-da-ufcg-abre-seis-vagas","status":"publish","type":"post","link":"https:\/\/www.caririemacao.com\/1\/2019\/10\/26\/mestrado-em-ciencias-naturais-e-biotecnologia-da-ufcg-abre-seis-vagas\/","title":{"rendered":"Mestrado em Ci\u00eancias Naturais e Biotecnologia da UFCG abre seis vagas"},"content":{"rendered":"\n<figure class=\"wp-block-image\"><img decoding=\"async\" data-src=\"https:\/\/paraibaonline.com.br\/wp-content\/uploads\/2017\/11\/ufcg-556x417.jpg\" alt=\"Foto: Reprodu\u00e7\u00e3o\/ Internet\" class=\"wp-image-208965 lazyload\" src=\"data:image\/svg+xml;base64,PHN2ZyB3aWR0aD0iMSIgaGVpZ2h0PSIxIiB4bWxucz0iaHR0cDovL3d3dy53My5vcmcvMjAwMC9zdmciPjwvc3ZnPg==\" style=\"--smush-placeholder-width: 556px; --smush-placeholder-aspect-ratio: 556\/417;\" \/><\/figure>\n\n\n\n<p>Foto: Reprodu\u00e7\u00e3o\/ Internet<\/p>\n\n\n\n<p>A Universidade Federal de Campina Grande (UFCG) realiza de 29 de outubro a 08 de novembro as inscri\u00e7\u00f5es para o Programa P\u00f3s-Gradua\u00e7\u00e3o em Ci\u00eancias Naturais e Biotecnologia, em n\u00edvel de mestrado, do Centro de Educa\u00e7\u00e3o e Sa\u00fade (CES), campus Cuit\u00e9.<\/p>\n\n\n\n<p>&nbsp;O programa possui \u00e1rea de concentra\u00e7\u00e3o em Ci\u00eancias Naturais e Biotecnologia e linhas de pesquisa em&nbsp;Ci\u00eancias Naturais, Biotecnologia Ambiental e Biotecnologia Industrial.<\/p>\n\n\n\n<p>As inscri\u00e7\u00f5es presenciais devem ser realizadas na Secretaria do Programa, das 8h30min \u00e0s 11h30min e das 14h30min \u00e0s 16h30min, no Subsolo do Bloco H do CES. Tamb\u00e9m ser\u00e3o aceitas inscri\u00e7\u00f5es via Sedex, postadas dentro do prazo de inscri\u00e7\u00e3o.<\/p>\n\n\n\n<p>&nbsp;A sele\u00e7\u00e3o contar\u00e1 com prova escrita e exame de t\u00edtulos.<\/p>\n\n\n\n<p>O resultado final sai dia 17 de dezembro.<\/p>\n\n\n\n<p>&nbsp;<a href=\"https:\/\/prpg.ufcg.edu.br\/arquivos\/editais\/2019\/editalprpg_66-19_selecaomestppgcnbiotec.pdf\" target=\"_blank\" rel=\"noreferrer noopener\">Acesse o edital.<\/a><\/p>\n","protected":false},"excerpt":{"rendered":"<p>Foto: Reprodu\u00e7\u00e3o\/ Internet A Universidade Federal de Campina Grande (UFCG) realiza de 29 de outubro a 08 de novembro as inscri\u00e7\u00f5es para o Programa P\u00f3s-Gradua\u00e7\u00e3o&hellip; <\/p>\n","protected":false},"author":1,"featured_media":106086,"comment_status":"closed","ping_status":"closed","sticky":false,"template":"","format":"standard","meta":{"sfsi_plus_gutenberg_text_before_share":"","sfsi_plus_gutenberg_show_text_before_share":"","sfsi_plus_gutenberg_icon_type":"","sfsi_plus_gutenberg_icon_alignemt":"","sfsi_plus_gutenburg_max_per_row":"","footnotes":""},"categories":[14],"tags":[],"class_list":["post-130341","post","type-post","status-publish","format-standard","has-post-thumbnail","hentry","category-educacao"],"_links":{"self":[{"href":"https:\/\/www.caririemacao.com\/1\/wp-json\/wp\/v2\/posts\/130341","targetHints":{"allow":["GET"]}}],"collection":[{"href":"https:\/\/www.caririemacao.com\/1\/wp-json\/wp\/v2\/posts"}],"about":[{"href":"https:\/\/www.caririemacao.com\/1\/wp-json\/wp\/v2\/types\/post"}],"author":[{"embeddable":true,"href":"https:\/\/www.caririemacao.com\/1\/wp-json\/wp\/v2\/users\/1"}],"replies":[{"embeddable":true,"href":"https:\/\/www.caririemacao.com\/1\/wp-json\/wp\/v2\/comments?post=130341"}],"version-history":[{"count":1,"href":"https:\/\/www.caririemacao.com\/1\/wp-json\/wp\/v2\/posts\/130341\/revisions"}],"predecessor-version":[{"id":130342,"href":"https:\/\/www.caririemacao.com\/1\/wp-json\/wp\/v2\/posts\/130341\/revisions\/130342"}],"wp:featuredmedia":[{"embeddable":true,"href":"https:\/\/www.caririemacao.com\/1\/wp-json\/wp\/v2\/media\/106086"}],"wp:attachment":[{"href":"https:\/\/www.caririemacao.com\/1\/wp-json\/wp\/v2\/media?parent=130341"}],"wp:term":[{"taxonomy":"category","embeddable":true,"href":"https:\/\/www.caririemacao.com\/1\/wp-json\/wp\/v2\/categories?post=130341"},{"taxonomy":"post_tag","embeddable":true,"href":"https:\/\/www.caririemacao.com\/1\/wp-json\/wp\/v2\/tags?post=130341"}],"curies":[{"name":"wp","href":"https:\/\/api.w.org\/{rel}","templated":true}]}}