{"id":130344,"date":"2019-10-26T13:45:55","date_gmt":"2019-10-26T16:45:55","guid":{"rendered":"http:\/\/www.caririemacao.com\/1\/?p=130344"},"modified":"2019-10-26T13:45:55","modified_gmt":"2019-10-26T16:45:55","slug":"tecnico-do-gremio-diz-que-time-precisa-mudar-o-foco-rapido","status":"publish","type":"post","link":"https:\/\/www.caririemacao.com\/1\/2019\/10\/26\/tecnico-do-gremio-diz-que-time-precisa-mudar-o-foco-rapido\/","title":{"rendered":"T\u00e9cnico do Gr\u00eamio diz que time precisa mudar o foco r\u00e1pido"},"content":{"rendered":"\n<p>(UOL\/FOLHAPRESS) \u2013 Renato Ga\u00facho agiu como escudo, nesta sexta-feira (25), no Gr\u00eamio. Dois dias depois da derrota vexat\u00f3ria para o Flamengo, na semifinal da Libertadores, o treinador pediu para dar entrevista com a miss\u00e3o de blindar o elenco. Diante dos jornalistas por quase 30 minutos, o treinador usou diversas frases de efeito e disse que o clube ga\u00facho precisa virar a p\u00e1gina r\u00e1pido.<\/p>\n\n\n\n<p>\u201cN\u00e3o tenho vergonha de vir aqui dizer que estou envergonhado. Meu grupo est\u00e1 envergonhado\u201d, disparou Renato sobre a goleada sofrida por 5 a 0 no Maracan\u00e3.<\/p>\n\n\n\n<p>Em outro trecho da entrevista, o treinador fez refer\u00eancia ao boxe e disse que o Gr\u00eamio acabou nocauteado no Maracan\u00e3.<\/p>\n\n\n\n<p>\u201cO Gr\u00eamio \u00e9 grande, muito grande. Fomos, digamos assim, nocauteados na quarta-feira e isso faz parte. Quantos o Gr\u00eamio j\u00e1 nocauteou? O Gr\u00eamio foi para as cordas, n\u00e3o foi para a lona. \u00c0 lona v\u00e3o os covardes\u201d, citou Portaluppi.<\/p>\n\n\n\n<p>O t\u00e9cnico ainda revelou que o sil\u00eancio dos atletas vai seguir. Os jogadores falaram na zona mista, no Rio de Janeiro, e s\u00f3 devem se manifestar de novo no domingo, depois do jogo com o Botafogo.<\/p>\n\n\n\n<p>\u201cEstou aqui para proteger meu grupo, eles est\u00e3o sentidos. Amanh\u00e3, inclusive, n\u00e3o tem coletiva com ningu\u00e9m tamb\u00e9m. Mas o futebol d\u00e1 nova oportunidade a cada tr\u00eas dias e vamos tentar virar a p\u00e1gina no domingo\u201d, disse o treinador.<\/p>\n\n\n\n<p>Na \u00faltima pergunta, Renato Ga\u00facho foi questionado sobre a renova\u00e7\u00e3o para 2020 e afirmou que as conversas para prorroga\u00e7\u00e3o de v\u00ednculo foram adiadas.<\/p>\n\n\n\n<p>\u201cSobre a minha renova\u00e7\u00e3o.. N\u00e3o \u00e9 o momento de falar. O objetivo agora \u00e9 buscar as vit\u00f3rias para o Gr\u00eamio entrar no G4. Uma conversa ou outra eu tenho tido com o presidente, mas o importante \u00e9 o Gr\u00eamio vencer e o G4 do Brasileiro\u201d, disse.<br><\/p>\n","protected":false},"excerpt":{"rendered":"<p>(UOL\/FOLHAPRESS) \u2013 Renato Ga\u00facho agiu como escudo, nesta sexta-feira (25), no Gr\u00eamio. Dois dias depois da derrota vexat\u00f3ria para o Flamengo, na semifinal da Libertadores,&hellip; <\/p>\n","protected":false},"author":1,"featured_media":130345,"comment_status":"closed","ping_status":"closed","sticky":false,"template":"","format":"standard","meta":{"sfsi_plus_gutenberg_text_before_share":"","sfsi_plus_gutenberg_show_text_before_share":"","sfsi_plus_gutenberg_icon_type":"","sfsi_plus_gutenberg_icon_alignemt":"","sfsi_plus_gutenburg_max_per_row":"","footnotes":""},"categories":[13],"tags":[],"class_list":["post-130344","post","type-post","status-publish","format-standard","has-post-thumbnail","hentry","category-esportes"],"_links":{"self":[{"href":"https:\/\/www.caririemacao.com\/1\/wp-json\/wp\/v2\/posts\/130344","targetHints":{"allow":["GET"]}}],"collection":[{"href":"https:\/\/www.caririemacao.com\/1\/wp-json\/wp\/v2\/posts"}],"about":[{"href":"https:\/\/www.caririemacao.com\/1\/wp-json\/wp\/v2\/types\/post"}],"author":[{"embeddable":true,"href":"https:\/\/www.caririemacao.com\/1\/wp-json\/wp\/v2\/users\/1"}],"replies":[{"embeddable":true,"href":"https:\/\/www.caririemacao.com\/1\/wp-json\/wp\/v2\/comments?post=130344"}],"version-history":[{"count":1,"href":"https:\/\/www.caririemacao.com\/1\/wp-json\/wp\/v2\/posts\/130344\/revisions"}],"predecessor-version":[{"id":130346,"href":"https:\/\/www.caririemacao.com\/1\/wp-json\/wp\/v2\/posts\/130344\/revisions\/130346"}],"wp:featuredmedia":[{"embeddable":true,"href":"https:\/\/www.caririemacao.com\/1\/wp-json\/wp\/v2\/media\/130345"}],"wp:attachment":[{"href":"https:\/\/www.caririemacao.com\/1\/wp-json\/wp\/v2\/media?parent=130344"}],"wp:term":[{"taxonomy":"category","embeddable":true,"href":"https:\/\/www.caririemacao.com\/1\/wp-json\/wp\/v2\/categories?post=130344"},{"taxonomy":"post_tag","embeddable":true,"href":"https:\/\/www.caririemacao.com\/1\/wp-json\/wp\/v2\/tags?post=130344"}],"curies":[{"name":"wp","href":"https:\/\/api.w.org\/{rel}","templated":true}]}}