{"id":130353,"date":"2019-10-26T13:51:12","date_gmt":"2019-10-26T16:51:12","guid":{"rendered":"http:\/\/www.caririemacao.com\/1\/?p=130353"},"modified":"2019-10-26T13:51:12","modified_gmt":"2019-10-26T16:51:12","slug":"governo-inicia-pagamento-de-outubro-dos-servidores-na-quarta-feira","status":"publish","type":"post","link":"https:\/\/www.caririemacao.com\/1\/2019\/10\/26\/governo-inicia-pagamento-de-outubro-dos-servidores-na-quarta-feira\/","title":{"rendered":"Governo inicia pagamento de outubro dos servidores na quarta-feira"},"content":{"rendered":"\n<figure class=\"wp-block-image\"><img decoding=\"async\" data-src=\"https:\/\/thumbor.clickpb.com.br\/NOhCsxNChZ5vap3132NPE9w9o7A=\/876x585\/top\/smart\/www.clickpb.com.br\/media\/filer_public\/63\/6c\/636cdc1c-4907-4d01-b3f9-2647cf4b14dc\/dinheiro-real.jpg\" alt=\"\" src=\"data:image\/svg+xml;base64,PHN2ZyB3aWR0aD0iMSIgaGVpZ2h0PSIxIiB4bWxucz0iaHR0cDovL3d3dy53My5vcmcvMjAwMC9zdmciPjwvc3ZnPg==\" class=\"lazyload\" \/><figcaption>J\u00e1 na quinta-feira (31) \u00e9 a vez dos servidores da ativa receberem seus sal\u00e1rios. (Foto: Reprodu\u00e7\u00e3o)<\/figcaption><\/figure>\n\n\n\n<p>O pagamento do funcionalismo p\u00fablico estadual, referente ao m\u00eas de outubro, ser\u00e1 efetuado nos pr\u00f3ximos dias 30 e 31.&nbsp;<\/p>\n\n\n\n<p>Na pr\u00f3xima quarta-feira (30), recebem os aposentados e pensionistas. J\u00e1 na quinta-feira (31) \u00e9 a vez dos servidores da ativa receberem seus sal\u00e1rios.&nbsp;<\/p>\n\n\n\n<p>O an\u00fancio foi feito, neste fim de semana, pelo governador Jo\u00e3o Azev\u00eado, que refor\u00e7ou o compromisso da gest\u00e3o estadual de pagar a folha de pessoal dentro do m\u00eas trabalhado, representando uma inje\u00e7\u00e3o de mais de R$ 360 milh\u00f5es na economia do estado.<br><br>Calend\u00e1rio:<\/p>\n\n\n\n<p>30\/10 &#8211; aposentados e pensionistas<br>31\/10 &#8211; servidores da ativa<\/p>\n","protected":false},"excerpt":{"rendered":"<p>O pagamento do funcionalismo p\u00fablico estadual, referente ao m\u00eas de outubro, ser\u00e1 efetuado nos pr\u00f3ximos dias 30 e 31.&nbsp; Na pr\u00f3xima quarta-feira (30), recebem os&hellip; <\/p>\n","protected":false},"author":1,"featured_media":109814,"comment_status":"closed","ping_status":"closed","sticky":false,"template":"","format":"standard","meta":{"sfsi_plus_gutenberg_text_before_share":"","sfsi_plus_gutenberg_show_text_before_share":"","sfsi_plus_gutenberg_icon_type":"","sfsi_plus_gutenberg_icon_alignemt":"","sfsi_plus_gutenburg_max_per_row":"","footnotes":""},"categories":[11],"tags":[],"class_list":["post-130353","post","type-post","status-publish","format-standard","has-post-thumbnail","hentry","category-politica"],"_links":{"self":[{"href":"https:\/\/www.caririemacao.com\/1\/wp-json\/wp\/v2\/posts\/130353","targetHints":{"allow":["GET"]}}],"collection":[{"href":"https:\/\/www.caririemacao.com\/1\/wp-json\/wp\/v2\/posts"}],"about":[{"href":"https:\/\/www.caririemacao.com\/1\/wp-json\/wp\/v2\/types\/post"}],"author":[{"embeddable":true,"href":"https:\/\/www.caririemacao.com\/1\/wp-json\/wp\/v2\/users\/1"}],"replies":[{"embeddable":true,"href":"https:\/\/www.caririemacao.com\/1\/wp-json\/wp\/v2\/comments?post=130353"}],"version-history":[{"count":1,"href":"https:\/\/www.caririemacao.com\/1\/wp-json\/wp\/v2\/posts\/130353\/revisions"}],"predecessor-version":[{"id":130354,"href":"https:\/\/www.caririemacao.com\/1\/wp-json\/wp\/v2\/posts\/130353\/revisions\/130354"}],"wp:featuredmedia":[{"embeddable":true,"href":"https:\/\/www.caririemacao.com\/1\/wp-json\/wp\/v2\/media\/109814"}],"wp:attachment":[{"href":"https:\/\/www.caririemacao.com\/1\/wp-json\/wp\/v2\/media?parent=130353"}],"wp:term":[{"taxonomy":"category","embeddable":true,"href":"https:\/\/www.caririemacao.com\/1\/wp-json\/wp\/v2\/categories?post=130353"},{"taxonomy":"post_tag","embeddable":true,"href":"https:\/\/www.caririemacao.com\/1\/wp-json\/wp\/v2\/tags?post=130353"}],"curies":[{"name":"wp","href":"https:\/\/api.w.org\/{rel}","templated":true}]}}