{"id":130357,"date":"2019-10-26T13:54:12","date_gmt":"2019-10-26T16:54:12","guid":{"rendered":"http:\/\/www.caririemacao.com\/1\/?p=130357"},"modified":"2019-10-26T13:54:12","modified_gmt":"2019-10-26T16:54:12","slug":"na-paraiba-40-dos-produtores-agropecuarios-nao-sabem-ler","status":"publish","type":"post","link":"https:\/\/www.caririemacao.com\/1\/2019\/10\/26\/na-paraiba-40-dos-produtores-agropecuarios-nao-sabem-ler\/","title":{"rendered":"Na Para\u00edba, 40% dos produtores agropecu\u00e1rios n\u00e3o sabem ler"},"content":{"rendered":"\n<p>Na Para\u00edba, 40% dos produtores agropecu\u00e1rios n\u00e3o sabem ler e escrever, conforme dados do Censo de 2017. O n\u00edvel de escolaridade mais comum entre os produtores agropecu\u00e1rios \u00e9 a \u201cclasse de alfabetiza\u00e7\u00e3o\u201d que totaliza quase 37 mil pessoas, em seguida, os que nunca frequentaram a escola somam mais de 35 mil.<\/p>\n\n\n\n<p>O Censo Agropecu\u00e1rio 2017&nbsp;<a href=\"https:\/\/www.maispb.com.br\/421308\/abacaxi-leite-de-cabra-e-cachaca-ajudam-pb-no-censo.html\">foi divulgado na \u00faltima sexta-feira (25)<\/a>, apesar do percentual de produtores que n\u00e3o sabem ler e escrever ser alto, o n\u00famero indica uma melhora na situa\u00e7\u00e3o observada em 2006, quando a taxa atingiu 44,8%.<\/p>\n\n\n\n<figure class=\"wp-block-image\"><img decoding=\"async\" data-src=\"https:\/\/i1.wp.com\/www.maispb.com.br\/wp-content\/uploads\/2019\/10\/Capturar.jpg?resize=336%2C178&amp;quality=90&amp;strip=all&amp;ssl=1\" alt=\"\" class=\"wp-image-421351 lazyload\" src=\"data:image\/svg+xml;base64,PHN2ZyB3aWR0aD0iMSIgaGVpZ2h0PSIxIiB4bWxucz0iaHR0cDovL3d3dy53My5vcmcvMjAwMC9zdmciPjwvc3ZnPg==\" \/><\/figure>\n\n\n\n<p>Foto: Assessoria de Comunica\u00e7\u00e3o\/IBGE<\/p>\n\n\n\n<p>Ainda segundo a pesquisa, nos estabelecimentos agropecu\u00e1rios, o n\u00edvel de escolaridade mais comum dos produtores foi a \u201cclasse de alfabetiza\u00e7\u00e3o\u201d.<\/p>\n\n\n\n<p>Em seguida, aqueles que nunca frequentaram a escola e, em terceiro lugar, pelos que tiveram instru\u00e7\u00e3o somente at\u00e9 o antigo prim\u00e1rio ou elementar.<\/p>\n\n\n\n<p><strong>MaisPB<\/strong><\/p>\n","protected":false},"excerpt":{"rendered":"<p>Na Para\u00edba, 40% dos produtores agropecu\u00e1rios n\u00e3o sabem ler e escrever, conforme dados do Censo de 2017. O n\u00edvel de escolaridade mais comum entre os&hellip; <\/p>\n","protected":false},"author":1,"featured_media":130358,"comment_status":"closed","ping_status":"closed","sticky":false,"template":"","format":"standard","meta":{"sfsi_plus_gutenberg_text_before_share":"","sfsi_plus_gutenberg_show_text_before_share":"","sfsi_plus_gutenberg_icon_type":"","sfsi_plus_gutenberg_icon_alignemt":"","sfsi_plus_gutenburg_max_per_row":"","footnotes":""},"categories":[2],"tags":[],"class_list":["post-130357","post","type-post","status-publish","format-standard","has-post-thumbnail","hentry","category-geral"],"_links":{"self":[{"href":"https:\/\/www.caririemacao.com\/1\/wp-json\/wp\/v2\/posts\/130357","targetHints":{"allow":["GET"]}}],"collection":[{"href":"https:\/\/www.caririemacao.com\/1\/wp-json\/wp\/v2\/posts"}],"about":[{"href":"https:\/\/www.caririemacao.com\/1\/wp-json\/wp\/v2\/types\/post"}],"author":[{"embeddable":true,"href":"https:\/\/www.caririemacao.com\/1\/wp-json\/wp\/v2\/users\/1"}],"replies":[{"embeddable":true,"href":"https:\/\/www.caririemacao.com\/1\/wp-json\/wp\/v2\/comments?post=130357"}],"version-history":[{"count":1,"href":"https:\/\/www.caririemacao.com\/1\/wp-json\/wp\/v2\/posts\/130357\/revisions"}],"predecessor-version":[{"id":130359,"href":"https:\/\/www.caririemacao.com\/1\/wp-json\/wp\/v2\/posts\/130357\/revisions\/130359"}],"wp:featuredmedia":[{"embeddable":true,"href":"https:\/\/www.caririemacao.com\/1\/wp-json\/wp\/v2\/media\/130358"}],"wp:attachment":[{"href":"https:\/\/www.caririemacao.com\/1\/wp-json\/wp\/v2\/media?parent=130357"}],"wp:term":[{"taxonomy":"category","embeddable":true,"href":"https:\/\/www.caririemacao.com\/1\/wp-json\/wp\/v2\/categories?post=130357"},{"taxonomy":"post_tag","embeddable":true,"href":"https:\/\/www.caririemacao.com\/1\/wp-json\/wp\/v2\/tags?post=130357"}],"curies":[{"name":"wp","href":"https:\/\/api.w.org\/{rel}","templated":true}]}}