{"id":130360,"date":"2019-10-26T17:52:35","date_gmt":"2019-10-26T20:52:35","guid":{"rendered":"http:\/\/www.caririemacao.com\/1\/?p=130360"},"modified":"2019-10-26T17:52:35","modified_gmt":"2019-10-26T20:52:35","slug":"bolsonaro-diz-que-brasil-deixou-de-se-armar-por-ideologia","status":"publish","type":"post","link":"https:\/\/www.caririemacao.com\/1\/2019\/10\/26\/bolsonaro-diz-que-brasil-deixou-de-se-armar-por-ideologia\/","title":{"rendered":"Bolsonaro diz que Brasil deixou de se armar por ideologia"},"content":{"rendered":"\n<p>(FOLHAPRESS) &#8211; O Brasil deixou de cuidar da \u00e1rea de Defesa por ideologia e precisa se rearmar, disse o presidente Jair Bolsonaro nos Emirados \u00c1rabes Unidos.<\/p>\n\n\n\n<p>&#8220;O Brasil foi esquecido nessa \u00e1rea desde o governo Fernando Henrique Cardoso. Por qu\u00ea? Voltando agora \u00e0 ideologia, n\u00f3s somos o grande obst\u00e1culo para o socialismo, n\u00f3s das For\u00e7as Armadas. Por isso interessava quebrar nossa espinha dorsal.&#8221;<\/p>\n\n\n\n<p>A declara\u00e7\u00e3o foi feita em Abu Dhabi na noite deste s\u00e1bado (26), hor\u00e1rio local, durante cerim\u00f4nia de oferenda floral no Monumento aos M\u00e1rtires da P\u00e1tria (Wahat Al Karama), primeiro compromisso oficial da viagem presidencial aos Emirados \u00c1rabes Unidos.<\/p>\n\n\n\n<p>O Brasil fechou com o pa\u00eds dois acordos de coopera\u00e7\u00e3o na \u00e1rea de Defesa.&nbsp;<br>Segundo o presidente, o pa\u00eds precisa se rearmar para ter capacidade de se defender. &#8220;Ningu\u00e9m quer um Brasil extremamente belicoso, mas precisamos ter um m\u00ednimo de poder de dissuas\u00e3o.&#8221;<\/p>\n\n\n\n<p>Bolsonaro n\u00e3o falou sobre neg\u00f3cios ou acordos espec\u00edficos, que, segundo ele, s\u00e3o de responsabilidade do ministro Fernando Azevedo (Defesa).<\/p>\n\n\n\n<p>O Brasil quer vender aos \u00e1rabes cargueiros da Embraer e trouxe ao pa\u00eds do Golfo 29 empresas da \u00e1rea de Defesa, sob coordena\u00e7\u00e3o do almirante Almir Garnier.<br>O titular da pasta ficou no Brasil por causa dos trabalhos de conten\u00e7\u00e3o de danos do vazamento de \u00f3leo na costa do pa\u00eds.<\/p>\n\n\n\n<p>Os memorandos firmados com o pa\u00eds \u00e1rabe foram sobre a constitui\u00e7\u00e3o e opera\u00e7\u00e3o do Fundo Brasil-Emirados \u00c1rabes de Coopera\u00e7\u00e3o Estrat\u00e9gica para Expans\u00e3o da Capacidade Produtiva do Setor de Defesa e um Memorando de Entendimento sobre Parceria Estrat\u00e9gica relacionada ao Desenvolvimento, Produ\u00e7\u00e3o e Comercializa\u00e7\u00e3o de Produtos de Defesa. O Itamaraty n\u00e3o detalhou o conte\u00fado dos acordos.<\/p>\n\n\n\n<p>Os Emirados s\u00e3o a terceira escala de viagem presidencial que come\u00e7ou pelo Jap\u00e3o, continuou pela China e deve ainda passar pelo Catar e pela Ar\u00e1bia Saudita.<\/p>\n\n\n\n<p>Nos pa\u00edses \u00e1rabes, o foco deve ser atrair investimentos para as rodadas de privatiza\u00e7\u00e3o e obras de infraestrutura que, no total, podem chegar a R$ 1,3 trilh\u00e3o, segundo o Itamaraty.<\/p>\n\n\n\n<p>Sem a presen\u00e7a dos ministros da Economia, Paulo Guedes, e da Infraestrutura, Tarc\u00edsio de Freitas, as negocia\u00e7\u00f5es da \u00e1rea econ\u00f4mica est\u00e3o sendo coordenadas pelo chefe da assessoria especial de assuntos institucionais, Caio Megale.<\/p>\n\n\n\n<p>Nas conversas, o governo pretende refor\u00e7ar sua inten\u00e7\u00e3o de facilitar a vida do setor privado. Al\u00e9m da aprova\u00e7\u00e3o da reforma da Previd\u00eancia, que ser\u00e1 apresentada como a\u00e7\u00e3o concreta, &#8220;para al\u00e9m do discurso&#8221;, ser\u00e3o ressaltadas nove mudan\u00e7as regulat\u00f3rias j\u00e1 feitas ou em curso, com efeitos de prazo mais curtos que os da reforma estrutural.<\/p>\n\n\n\n<p>Com os Emirados deve ser assinado tamb\u00e9m um acordo de assist\u00eancia m\u00fatua em mat\u00e9ria aduaneira, que, embora n\u00e3o tenha efeito imediato nos neg\u00f3cios, pode reduzir burocracias fiscais. Seria mais um sinal de que o pa\u00eds quer facilitar os contratos, bem-vindos num momento em que o Brasil caiu 15 posi\u00e7\u00f5es no ranking de facilidade de fazer neg\u00f3cios do Banco Mundial, divulgado na quarta-feira (23).<\/p>\n\n\n\n<p>\u00c9 brasileiro o pior resultado entre 189 pa\u00edses no n\u00famero de horas gastas para pagar tributos (1.501 horas, ou 62,5 dias). Segunda colocada, a Bol\u00edvia fica distante, com 1.025 horas anuais.<\/p>\n\n\n\n<p>O governo ainda n\u00e3o enviou ao Congresso, por\u00e9m, proposta para uma reforma tribut\u00e1ria, que poderia reduzir parte dos entraves identificados pelo ranking (carga, complexidade e tempo gasto para lidar com impostos).<\/p>\n\n\n\n<p>Bolsonaro abre neste domingo o semin\u00e1rio &#8220;Brasil &#8211; Emirados \u00c1rabes Unidos: Perspectiva do Cen\u00e1rio Macroecon\u00f4mico e Ambiente de Neg\u00f3cios&#8221;. O Brasil vai refor\u00e7ar a ideia de que o investimento em infraestrutura e log\u00edstica \u00e9 fundamental para garantir um mercado important\u00edssimo para os \u00e1rabes: as exporta\u00e7\u00f5es do agroneg\u00f3cio, dos quais os Emirados s\u00e3o um dos principais compradores.<\/p>\n\n\n\n<p>A corrente de com\u00e9rcio entre os dois pa\u00edses gira em torno de US$ 2,5 bilh\u00f5es, sendo que praticamente metade s\u00e3o de produtos agr\u00edcolas. Frango, a\u00e7\u00facar e carne bovina respondem por 77% de tudo o que o Brasil exporta para os Emirados.<\/p>\n\n\n\n<p>Aos investidores \u00e1rabes, ser\u00e3o apresentados cerca de 20 projetos do PPI (Plano de Parcerias de Investimento, criado no governo Temer pela mesma equipe que comanda o Minist\u00e9rio da Infraestrutura de Bolsonaro), com potencial para levantar cerca R$ 200 bilh\u00f5es at\u00e9 2022, segundo a pasta.<\/p>\n\n\n\n<p>O presidente brasileiro tem encontros previstos com o xeque Mohammed Bin Rashid Al Maktoum, primeiro-ministro e vice-presidente emiradense, e com atletas de jiu j\u00edtsu, arte marcial brasileira muito popular no pa\u00eds. Deve ainda visitar a mesquita Sheik Zayed e participar de jantar no hotel Emirates, onde est\u00e1 hospedado.<\/p>\n\n\n\n<p>Na China, Bolsonaro encerrou a visita sem grandes neg\u00f3cios concretizados. Foram assinados 11 atos de coopera\u00e7\u00e3o em diferentes \u00e1reas, mas s\u00f3 dois devem resultar em aumento imediato das exporta\u00e7\u00f5es, de farelo de algod\u00e3o e carne termoprocessada.<\/p>\n\n\n\n<p>No Jap\u00e3o, apesar da grande expectativa do governo brasileiro em anunciar o in\u00edcio das negocia\u00e7\u00f5es para um acordo entre o pa\u00eds asi\u00e1tico e o Mercosul, o governo japon\u00eas preferiu adiar as conversas.<\/p>\n\n\n\n<p>A previs\u00e3o \u00e9 que elas comecem em novembro, quando o primeiro-ministro Shinzo Abe deve visitar o Brasil.<\/p>\n\n\n\n<p><strong>NO MONUMENTO<\/strong><\/p>\n\n\n\n<p>Bolsonaro foi recebido no memorial pelo xeque Khalifa bin Tahnoun Al Nahyan, diretor do Gabinete de Assuntos Relativos aos M\u00e1rtires.<\/p>\n\n\n\n<p>A recep\u00e7\u00e3o oficial, pelo xeque Mohammed Bin Rashid Al Maktoum, primeiro-ministro e vice-presidente emiradense, ser\u00e1 no domingo.<\/p>\n\n\n\n<p>O monumento Wahat Al Karama, cujo nome significa &#8220;o\u00e1sis de dignidade&#8221; em \u00e1rabe, homenageia &#8220;os soldados que sacrificaram suas vidas a servi\u00e7o da na\u00e7\u00e3o&#8221;.<br>O local foi especialmente escolhido para ficar entre a mesquita Sheikh Zayed -a maior do pa\u00eds- e o quartel-general das For\u00e7as Armadas.<\/p>\n\n\n\n<p>Oito militares de cada uma das For\u00e7as Armadas ficaram perfilados para a cerim\u00f4nia, ao som de um toque militar de trompete.<\/p>\n\n\n\n<p>O n\u00famero n\u00e3o \u00e9 casual e est\u00e1 presente na arquitetura do monumento, significando os sete emirados e os m\u00e1rtires como o oitavo componente.<\/p>\n\n\n\n<p>Lajes que representam os emirados e os militares mortos em a\u00e7\u00e3o se apoiam umas nas outras.<\/p>\n\n\n\n<p>O primeiro nome inscrito no memorial \u00e9 o de um policial morto aos 20 anos, por se recusar a baixar a bandeira durante a tomada de Abu Musa e a investida sobre as ilhas Tunb, no estreito de Ormuz, em 1971.<\/p>\n\n\n\n<p>A disputa por territ\u00f3rio no estreito, ap\u00f3s a retirada dos brit\u00e2nicos, at\u00e9 hoje provoca conflitos entre os Emirados e o Ir\u00e3.<\/p>\n\n\n\n<p>Ambos os lados reivindicam a posse das ilhas -segundo os emiradenses, elas estavam sob dom\u00ednio dos xeques Qasimi desde o s\u00e9culo 19; para os iranianos, o cl\u00e3 Qasimi tinha sua base em territ\u00f3rio persa, n\u00e3o \u00e1rabe. Uma queixa dos Emirados \u00e0s Na\u00e7\u00f5es Unidas em 1980 nunca chegou a ser avaliada, e uma tentativa de negocia\u00e7\u00e3o bilateral em 1992 fracassou.<br><\/p>\n","protected":false},"excerpt":{"rendered":"<p>(FOLHAPRESS) &#8211; O Brasil deixou de cuidar da \u00e1rea de Defesa por ideologia e precisa se rearmar, disse o presidente Jair Bolsonaro nos Emirados \u00c1rabes&hellip; <\/p>\n","protected":false},"author":1,"featured_media":130361,"comment_status":"closed","ping_status":"closed","sticky":false,"template":"","format":"standard","meta":{"sfsi_plus_gutenberg_text_before_share":"","sfsi_plus_gutenberg_show_text_before_share":"","sfsi_plus_gutenberg_icon_type":"","sfsi_plus_gutenberg_icon_alignemt":"","sfsi_plus_gutenburg_max_per_row":"","footnotes":""},"categories":[11],"tags":[],"class_list":["post-130360","post","type-post","status-publish","format-standard","has-post-thumbnail","hentry","category-politica"],"_links":{"self":[{"href":"https:\/\/www.caririemacao.com\/1\/wp-json\/wp\/v2\/posts\/130360","targetHints":{"allow":["GET"]}}],"collection":[{"href":"https:\/\/www.caririemacao.com\/1\/wp-json\/wp\/v2\/posts"}],"about":[{"href":"https:\/\/www.caririemacao.com\/1\/wp-json\/wp\/v2\/types\/post"}],"author":[{"embeddable":true,"href":"https:\/\/www.caririemacao.com\/1\/wp-json\/wp\/v2\/users\/1"}],"replies":[{"embeddable":true,"href":"https:\/\/www.caririemacao.com\/1\/wp-json\/wp\/v2\/comments?post=130360"}],"version-history":[{"count":1,"href":"https:\/\/www.caririemacao.com\/1\/wp-json\/wp\/v2\/posts\/130360\/revisions"}],"predecessor-version":[{"id":130362,"href":"https:\/\/www.caririemacao.com\/1\/wp-json\/wp\/v2\/posts\/130360\/revisions\/130362"}],"wp:featuredmedia":[{"embeddable":true,"href":"https:\/\/www.caririemacao.com\/1\/wp-json\/wp\/v2\/media\/130361"}],"wp:attachment":[{"href":"https:\/\/www.caririemacao.com\/1\/wp-json\/wp\/v2\/media?parent=130360"}],"wp:term":[{"taxonomy":"category","embeddable":true,"href":"https:\/\/www.caririemacao.com\/1\/wp-json\/wp\/v2\/categories?post=130360"},{"taxonomy":"post_tag","embeddable":true,"href":"https:\/\/www.caririemacao.com\/1\/wp-json\/wp\/v2\/tags?post=130360"}],"curies":[{"name":"wp","href":"https:\/\/api.w.org\/{rel}","templated":true}]}}