{"id":130364,"date":"2019-10-26T17:53:47","date_gmt":"2019-10-26T20:53:47","guid":{"rendered":"http:\/\/www.caririemacao.com\/1\/?p=130364"},"modified":"2019-10-26T17:53:47","modified_gmt":"2019-10-26T20:53:47","slug":"psl-planeja-lancar-joice-hasselmann-a-presidencia-contra-bolsonaro","status":"publish","type":"post","link":"https:\/\/www.caririemacao.com\/1\/2019\/10\/26\/psl-planeja-lancar-joice-hasselmann-a-presidencia-contra-bolsonaro\/","title":{"rendered":"PSL planeja lan\u00e7ar Joice Hasselmann \u00e0 presid\u00eancia contra Bolsonaro"},"content":{"rendered":"\n<p>O PSL pretende lan\u00e7ar a deputada Joice Hasselmann como pr\u00e9-candidata \u00e0 presid\u00eancia da Rep\u00fablica, segundo apurado por M\u00f4nica Bergamo. Ao que parece, a divis\u00e3o ligada ao presidente da sigla, Luciano Bivar, quer alavancar o nome da correligion\u00e1ria como um contraponto ao do presidente Jair Bolsonaro.&nbsp;<\/p>\n\n\n\n<p>Sob o slogan \u201cdireita do bem\u201d, Joice Hasselmann seria contra xiitas e radicais da ala ligada ao escritor Olavo de Carvalho. Ao falar sobre a possibilidade com a coluna de M\u00f4nica, Junior Bozzella, que tem sido porta-voz de Bivar, declarou: \u201cJoice \u00e9 o nome ideal. Ela \u00e9 bolsonarista, mas n\u00e3o olavista. \u00c9 conservadora, mas moderada\u201d.&nbsp;<\/p>\n\n\n\n<p>Em seguida, ele continua: \u201c[Ela] representa a ala equilibrada e inteligente do PSL, contra os xiitas e radicais. \u00c9 a direita do bem, que \u00e9 liberal na economia, mas n\u00e3o ataca as mulheres e os diferentes\u201d.<\/p>\n\n\n\n<p>Bozzella ainda afirma que a inten\u00e7\u00e3o real, \u00e9 mais comedida. \u201cO projeto dela \u00e9 ser prefeita de S\u00e3o Paulo, mas estamos conversando para convenc\u00ea-la\u201d, finalizou ele sobre a poss\u00edvel entrada de Joice Hasselmann na corrida presidencial contra Bolsonaro.<\/p>\n","protected":false},"excerpt":{"rendered":"<p>O PSL pretende lan\u00e7ar a deputada Joice Hasselmann como pr\u00e9-candidata \u00e0 presid\u00eancia da Rep\u00fablica, segundo apurado por M\u00f4nica Bergamo. Ao que parece, a divis\u00e3o ligada&hellip; <\/p>\n","protected":false},"author":1,"featured_media":130365,"comment_status":"closed","ping_status":"closed","sticky":false,"template":"","format":"standard","meta":{"sfsi_plus_gutenberg_text_before_share":"","sfsi_plus_gutenberg_show_text_before_share":"","sfsi_plus_gutenberg_icon_type":"","sfsi_plus_gutenberg_icon_alignemt":"","sfsi_plus_gutenburg_max_per_row":"","footnotes":""},"categories":[11],"tags":[],"class_list":["post-130364","post","type-post","status-publish","format-standard","has-post-thumbnail","hentry","category-politica"],"_links":{"self":[{"href":"https:\/\/www.caririemacao.com\/1\/wp-json\/wp\/v2\/posts\/130364","targetHints":{"allow":["GET"]}}],"collection":[{"href":"https:\/\/www.caririemacao.com\/1\/wp-json\/wp\/v2\/posts"}],"about":[{"href":"https:\/\/www.caririemacao.com\/1\/wp-json\/wp\/v2\/types\/post"}],"author":[{"embeddable":true,"href":"https:\/\/www.caririemacao.com\/1\/wp-json\/wp\/v2\/users\/1"}],"replies":[{"embeddable":true,"href":"https:\/\/www.caririemacao.com\/1\/wp-json\/wp\/v2\/comments?post=130364"}],"version-history":[{"count":1,"href":"https:\/\/www.caririemacao.com\/1\/wp-json\/wp\/v2\/posts\/130364\/revisions"}],"predecessor-version":[{"id":130366,"href":"https:\/\/www.caririemacao.com\/1\/wp-json\/wp\/v2\/posts\/130364\/revisions\/130366"}],"wp:featuredmedia":[{"embeddable":true,"href":"https:\/\/www.caririemacao.com\/1\/wp-json\/wp\/v2\/media\/130365"}],"wp:attachment":[{"href":"https:\/\/www.caririemacao.com\/1\/wp-json\/wp\/v2\/media?parent=130364"}],"wp:term":[{"taxonomy":"category","embeddable":true,"href":"https:\/\/www.caririemacao.com\/1\/wp-json\/wp\/v2\/categories?post=130364"},{"taxonomy":"post_tag","embeddable":true,"href":"https:\/\/www.caririemacao.com\/1\/wp-json\/wp\/v2\/tags?post=130364"}],"curies":[{"name":"wp","href":"https:\/\/api.w.org\/{rel}","templated":true}]}}