{"id":130368,"date":"2019-10-26T17:55:37","date_gmt":"2019-10-26T20:55:37","guid":{"rendered":"http:\/\/www.caririemacao.com\/1\/?p=130368"},"modified":"2019-10-26T17:55:44","modified_gmt":"2019-10-26T20:55:44","slug":"comecamos-a-reverter-a-corrupcao-garante-bolsonaro-nos-emirados","status":"publish","type":"post","link":"https:\/\/www.caririemacao.com\/1\/2019\/10\/26\/comecamos-a-reverter-a-corrupcao-garante-bolsonaro-nos-emirados\/","title":{"rendered":"\u201cCome\u00e7amos a reverter a corrup\u00e7\u00e3o\u201d, garante Bolsonaro nos Emirados"},"content":{"rendered":"\n<p>(FOLHAPRESS) \u2013 O presidente Jair Bolsonaro disse que o Brasil vinha sendo prejudicado por \u201cum ambiente de neg\u00f3cios terr\u00edvel\u201d e uma corrup\u00e7\u00e3o que \u201cfalava muito alto\u201d, que afastou\u00a0investimentos estrangeiros.<br>A declara\u00e7\u00e3o foi feita neste s\u00e1bado (26), no primeiro dia de visita aos Emirados \u00c1rabes Unidos, onde fica at\u00e9 a manh\u00e3 de segunda.<\/p>\n\n\n\n<p>\u201cN\u00f3s come\u00e7amos a reverter tudo isso a\u00ed. A mostrar que d\u00e1 para fazer uma politica de maneira diferente da que se fazia h\u00e1 pouco tempo\u201d, disse o presidente ao responder a perguntas sobre resultados concretos da viagem.<br>Segundo ele, a mudan\u00e7a na imagem do pa\u00eds n\u00e3o ser\u00e1 de uma hora para a outra, mas \u201cdessa maneira devagar, demonstrando confian\u00e7a, fazendo o dever de casa\u201d.<\/p>\n\n\n\n<p>Entre essas li\u00e7\u00f5es ele citou a reforma da Previd\u00eancia, aprovada nesta semana pelo Congresso.<\/p>\n\n\n\n<p>\u201cEla por vezes at\u00e9 parece uma quimioterapia, mas se faz necess\u00e1ria. N\u00e3o podemos sucumbir, peguei o Brasil arrebentado economicamente, fiz quest\u00e3o de dizer que quem entende de economia \u00e9 o [ministro da Economia] Paulo Guedes, e ele est\u00e1 fazendo um excelente trabalho.\u201d<\/p>\n\n\n\n<p>Bolsonaro tamb\u00e9m citou \u201ctodo o apoio do Parlamento\u201d, e disse que a reforma administrativa \u00e9 uma prioridade do governo. Reafirmou que o fim da estabilidade para os servidores devem valer apenas para novos funcion\u00e1rios.<\/p>\n\n\n\n<p>Depois da visita ao monumento militar, o presidente foi a um shopping center das redondezas do hotel em que est\u00e1 hospedado, onde comeu um hamb\u00farguer e tomou um sorvete, segundo o relato de auxiliares.<\/p>\n\n\n\n<p>Os Emirados s\u00e3o a terceira escala de viagem presidencial que come\u00e7ou pelo Jap\u00e3o, continuou pela China e deve ainda passar pelo Catar e pela Ar\u00e1bia Saudita.<\/p>\n\n\n\n<p>Nos pa\u00edses \u00e1rabes, o foco deve ser atrair investimentos para as rodadas de privatiza\u00e7\u00e3o e obras de infraestrutura.<br>Sem a presen\u00e7a dos ministros da Economia, Paulo Guedes, e da Infraestrutura, Tarc\u00edsio de Freitas, as negocia\u00e7\u00f5es da \u00e1rea econ\u00f4mica est\u00e3o sendo coordenadas pelo chefe da assessoria especial de assuntos institucionais, Caio Megale.<br><\/p>\n","protected":false},"excerpt":{"rendered":"<p>(FOLHAPRESS) \u2013 O presidente Jair Bolsonaro disse que o Brasil vinha sendo prejudicado por \u201cum ambiente de neg\u00f3cios terr\u00edvel\u201d e uma corrup\u00e7\u00e3o que \u201cfalava muito&hellip; <\/p>\n","protected":false},"author":1,"featured_media":126636,"comment_status":"closed","ping_status":"closed","sticky":false,"template":"","format":"standard","meta":{"sfsi_plus_gutenberg_text_before_share":"","sfsi_plus_gutenberg_show_text_before_share":"","sfsi_plus_gutenberg_icon_type":"","sfsi_plus_gutenberg_icon_alignemt":"","sfsi_plus_gutenburg_max_per_row":"","footnotes":""},"categories":[11],"tags":[],"class_list":["post-130368","post","type-post","status-publish","format-standard","has-post-thumbnail","hentry","category-politica"],"_links":{"self":[{"href":"https:\/\/www.caririemacao.com\/1\/wp-json\/wp\/v2\/posts\/130368","targetHints":{"allow":["GET"]}}],"collection":[{"href":"https:\/\/www.caririemacao.com\/1\/wp-json\/wp\/v2\/posts"}],"about":[{"href":"https:\/\/www.caririemacao.com\/1\/wp-json\/wp\/v2\/types\/post"}],"author":[{"embeddable":true,"href":"https:\/\/www.caririemacao.com\/1\/wp-json\/wp\/v2\/users\/1"}],"replies":[{"embeddable":true,"href":"https:\/\/www.caririemacao.com\/1\/wp-json\/wp\/v2\/comments?post=130368"}],"version-history":[{"count":2,"href":"https:\/\/www.caririemacao.com\/1\/wp-json\/wp\/v2\/posts\/130368\/revisions"}],"predecessor-version":[{"id":130370,"href":"https:\/\/www.caririemacao.com\/1\/wp-json\/wp\/v2\/posts\/130368\/revisions\/130370"}],"wp:featuredmedia":[{"embeddable":true,"href":"https:\/\/www.caririemacao.com\/1\/wp-json\/wp\/v2\/media\/126636"}],"wp:attachment":[{"href":"https:\/\/www.caririemacao.com\/1\/wp-json\/wp\/v2\/media?parent=130368"}],"wp:term":[{"taxonomy":"category","embeddable":true,"href":"https:\/\/www.caririemacao.com\/1\/wp-json\/wp\/v2\/categories?post=130368"},{"taxonomy":"post_tag","embeddable":true,"href":"https:\/\/www.caririemacao.com\/1\/wp-json\/wp\/v2\/tags?post=130368"}],"curies":[{"name":"wp","href":"https:\/\/api.w.org\/{rel}","templated":true}]}}