{"id":130375,"date":"2019-10-27T08:17:32","date_gmt":"2019-10-27T11:17:32","guid":{"rendered":"http:\/\/www.caririemacao.com\/1\/?p=130375"},"modified":"2019-10-27T08:17:32","modified_gmt":"2019-10-27T11:17:32","slug":"aniversario-do-lula-confira-aqui-a-programacao-completa","status":"publish","type":"post","link":"https:\/\/www.caririemacao.com\/1\/2019\/10\/27\/aniversario-do-lula-confira-aqui-a-programacao-completa\/","title":{"rendered":"Anivers\u00e1rio do Lula: confira aqui a programa\u00e7\u00e3o completa"},"content":{"rendered":"\n<p>Brasileiros em todo o pa\u00eds v\u00e3o \u00e0s ruas neste fim de semana, durante o 6\u00ba Mutir\u00e3o&nbsp;<a target=\"_blank\" href=\"https:\/\/pt.org.br\/tag\/lula\/\" rel=\"noreferrer noopener\">Lula<\/a>&nbsp;Livre, para exigir a anula\u00e7\u00e3o das condena\u00e7\u00f5es do ex-presidente.<\/p>\n\n\n\n<p>Esta edi\u00e7\u00e3o marca a luta na mesma data em que ex-presidente comemora seu 74\u00ba anivers\u00e1rio e completa quase 600 dias como preso pol\u00edtico em Curitiba.<\/p>\n\n\n\n<p><strong><a target=\"_blank\" href=\"https:\/\/lulalivre.org.br\/repositorio-de-artes\/mutirao-especial-aniversario-do-lula-baixe-e-use-os-materiais\/\" rel=\"noreferrer noopener\">Confira as atividades e baixe aqui os materiais para o mutir\u00e3o<\/a><\/strong>:<\/p>\n\n\n\n<p><strong>Porto Alegre:&nbsp;<\/strong>Atividade na Orla com parab\u00e9ns \u2013 Dia 27, \u00e0s 15h na Orla do Gua\u00edba<\/p>\n\n\n\n<p><strong>Caxias do Sul \u2013&nbsp;<\/strong>Anivers\u00e1rio do&nbsp;<a target=\"_blank\" href=\"https:\/\/pt.org.br\/lula\" rel=\"noreferrer noopener\">Lula<\/a>&nbsp;no CTG Rodeiro Minuano, a partir das 12h.<\/p>\n\n\n\n<p><strong>Curitiba&nbsp;<\/strong>\u2013 Grande Ato politico com atividades culturais e pol\u00edticas na Vig\u00edlia.<br>Almo\u00e7o no bar da Gilda com caminhada pela boca maldita, dia 26\/ 10, \u00e0s 16 horas<\/p>\n\n\n\n<p><strong>Florian\u00f3polis<\/strong>&nbsp;\u2013&nbsp;<a target=\"_blank\" href=\"https:\/\/pt.org.br\/tag\/festival-lula-livre\/\" rel=\"noreferrer noopener\">Festival Lula Livre<\/a>, no dia 27.10 na Pra\u00e7a da Igreja Matriz<\/p>\n\n\n\n<p><strong><a target=\"_blank\" href=\"https:\/\/pt.org.br\/tag\/sao-paulo\/\" rel=\"noreferrer noopener\">S\u00e3o Paulo<\/a><\/strong>&nbsp;\u2013 Panfletagem em frente ao Theatro Municipal no dia 25\/10<br>Coleta de Assinaturas na Avenida Paulista no dia 27\/10 \u2013 a partir das 14h<br>Almo\u00e7o de Anivers\u00e1rio do Lula no Armaz\u00e9m no dia 27\/10 \u2013 a partir das 13h<br>#Parab\u00e9nsLula na plen\u00e1ria da Juventude do&nbsp;<a target=\"_blank\" href=\"https:\/\/pt.org.br\/tag\/mtst\/\" rel=\"noreferrer noopener\">MTST<\/a>&nbsp;26\/10<\/p>\n\n\n\n<p><strong>PUC \u2013 SP&nbsp;<\/strong>\u2013 Banca&nbsp;<a target=\"_blank\" href=\"https:\/\/pt.org.br\/tag\/lula-livre\/\" rel=\"noreferrer noopener\">Lula Livre<\/a>&nbsp;para coleta de assinaturas, no dia 24, das 18 \u00e0s 20h na entrada da Monte Alegre .<\/p>\n\n\n\n<p><strong>Quarteir\u00e3o da&nbsp;<a target=\"_blank\" href=\"https:\/\/pt.org.br\/tag\/saude\/\" rel=\"noreferrer noopener\">Sa\u00fade<\/a><\/strong>&nbsp;\u2013 no Hospital das Cl\u00ednicas, no dia 24, das 12 \u00e0s 14hs<\/p>\n\n\n\n<p><strong>Cidade Tiradentes<\/strong>&nbsp;\u2013 Panfletagem e coleta de assinaturas no Terminal (em frente ao Extra) \u00e0 partir das 15 horas, no dia 25\/10<\/p>\n\n\n\n<p><strong>Vila Maria&nbsp;<\/strong>\u2013 Panfletagem e coleta de assinaturas na Pra\u00e7a Santo Eduardo, das 10 \u00e0s 13h, no dia 26\/10<\/p>\n\n\n\n<p><strong>Brasil\u00e2ndia<\/strong>&nbsp;\u2013 Panfletagem e coleta de assinaturas no Largo do Japon\u00eas, pr\u00f3ximo ao Terminal Cachoeirinha, das 10 \u00e0s 13h, no dia 26\/10.<\/p>\n\n\n\n<p><strong>Pirituba<\/strong>&nbsp;\u2013 Panfletagem e coleta de assinturas na Feira do Jardim Nardini \u00e0 partir das 10h, no dia 26\/10.<\/p>\n\n\n\n<p><strong>Centro de S\u00e3o Paulo<\/strong>&nbsp;\u2013 Panfletagem e coleta de assinaturas na Feira do Glic\u00e9rio \u00e0 partir das 11 horas, no dia 27\/10<\/p>\n\n\n\n<p><strong>Campo Limpo<\/strong>&nbsp;\u2013 Panfletagem e coleta de assinaturas Esta\u00e7\u00e3o Cap\u00e3o Redondo as 10 horas, no dia 27\/10.<\/p>\n\n\n\n<p><strong>Tucuruvi&nbsp;<\/strong>\u2013 Panfletagem e coleta de assinaturas Pra\u00e7a Ja\u00e7an\u00e3, das 10 as 13h, no dia 27\/10<\/p>\n\n\n\n<p><strong>V. Prudente<\/strong>&nbsp;\u2013 Panfletagem e coleta de assinaturas Comunidade Rosa Luxemburgo (Coral) as 10h, no dia 27\/10<\/p>\n\n\n\n<p><strong>Diadema<\/strong>\u2013 Atividade na Pra\u00e7a da Mo\u00e7a, no dia 27\/10, as 15 horas.<\/p>\n\n\n\n<p><strong>Ato em S\u00e3o Bernardo do Campo<\/strong>&nbsp;no dia 26\/10, no Partido dos Trabalhadores<\/p>\n\n\n\n<p><strong>Ribeir\u00e3o Preto \u2013<\/strong>&nbsp;Grava\u00e7\u00e3o do Clipe de Anivers\u00e1rio do Lula, no dia: 27 (domingo), \u00e0s 10h. Local: Av. Santa Luzia, 120<\/p>\n\n\n\n<p><strong>Itanha\u00e9m \u2013&nbsp;<\/strong>Faixa\u00e7o Lula Livre+ Feliz Anivers\u00e1rio Lula + Di\u00e1logo com a Popula\u00e7\u00e3o no bairro Loty&nbsp;, no dia 27\/10, das 10h as 13h<\/p>\n\n\n\n<p><strong>Pindamonhangaba \u2013&nbsp;<\/strong>Atividade com bolo e panfletagem na Pra\u00e7a Monsenhor Marcondes (Cascata), dia 26\/10, a partir das 9h30.<\/p>\n\n\n\n<p><strong>Jacare\u00ed<\/strong>&nbsp;\u2013 Piquenique no Parque da Cidade, no dia 27\/10, a partir das 15 horas<\/p>\n\n\n\n<p><strong>Lorena \u2013&nbsp;<\/strong>Encontro de&nbsp;<a target=\"_blank\" href=\"https:\/\/pt.org.br\/tag\/mulheres\/\" rel=\"noreferrer noopener\">Mulheres<\/a>&nbsp;do&nbsp;<a target=\"_blank\" href=\"https:\/\/pt.org.br\/tag\/vale\/\" rel=\"noreferrer noopener\">Vale<\/a>&nbsp;do Para\u00edba com bolo e Parab\u00e9ns ao Presidente Lula com piquenique, sarau e cantoria no Parque da Cidade.<\/p>\n\n\n\n<p><strong>S\u00e3o Jos\u00e9 dos Campos \u2013&nbsp;<\/strong>Anivers\u00e1rio de Lula \/ Lula Day, no dia 27 outubro, a partir das 16h. Local: Rua Pedro de Toledo (Vila Adyana)<\/p>\n\n\n\n<p><strong>CARAGUATATUBA \u2013<\/strong>&nbsp;Anivers\u00e1rio do Presidente Lula, no dia 25\/10 \u2013 Sexta Feira, 19h. Local: Subsede Apeoesp<br>Avenida Rio Grande do Sul, 205 \u2013 Jd Primavera, Caraguatatuba \u2013 SP<\/p>\n\n\n\n<p><strong>PIRACICABA<\/strong>&nbsp;\u2013 Mutir\u00e3o Lula Livre, no dia 26.10, \u00e0s 9 horas<br>Local: Terminal Central de Integra\u00e7\u00e3o \u2013 Bairro 010, Av. Armando de Salles Oliveira, 2001 \u2013 Centro.<\/p>\n\n\n\n<p><strong>JACARE\u00cd<\/strong>&nbsp;\u2013 Piquenique com cantoria e sarau po\u00e9tico, no dia 27.10, a partir 15h no Parque da Cidade de Jacare\u00ed<\/p>\n\n\n\n<p><strong>JUNDIA\u00cd<\/strong>&nbsp;\u2013 Mutir\u00e3o de Anivers\u00e1rio Lula Livre, no dia 26.10 , \u00e0s 9h<br>Local: Cal\u00e7ad\u00e3o do Centro \u2013 Sem Frente ao Santander Jundia\u00ed<br><strong>Ato no&nbsp;<a target=\"_blank\" href=\"https:\/\/pt.org.br\/tag\/ministerio-publico\/\" rel=\"noreferrer noopener\">Minist\u00e9rio P\u00fablico<\/a>&nbsp;Federal de Jundia\u00ed<\/strong>&nbsp;no dia 29.10, \u00e1s, 12:30h<br>Local:&nbsp;<a target=\"_blank\" href=\"https:\/\/pt.org.br\/tag\/ministerio-publico-federal\/\" rel=\"noreferrer noopener\">Minist\u00e9rio P\u00fablico Federal<\/a>&nbsp;de Jundia\u00ed<br><strong>Boa Noite Presidente Lula<\/strong>, no dia 29.10, \u00e0s 17:30h<br>Local: A Confirmar<br><strong>Faixa\u00e7o em Itupeva<\/strong>&nbsp;no dia 26\/10<\/p>\n\n\n\n<p><strong>Campinas<\/strong><br><strong>Mutir\u00e3o Lula Livre<\/strong>&nbsp;dia 26\/10, \u00e0s 10h<br>Local: Em frente a Catedral \u2013 Centro de Campinas<br><strong>Mutir\u00e3o de Anivers\u00e1rio Lula Livre<\/strong>&nbsp;no dia 27.10, \u00e0s, 9h<br>Local: Feira do Rolo, Campo Belo \u2013 Campinas\/SP<br><strong>Sarau Lula Livre<\/strong>&nbsp;no dia 27.10 \u2013 Domingo, 17h<br>Local: Rua Isolethe Augusta de Souza Aranha, 159, Centro \u2013 Campinas.<br>Organiza\u00e7\u00e3o:&nbsp;<a target=\"_blank\" href=\"https:\/\/pt.org.br\/tag\/comite-lula-livre\/\" rel=\"noreferrer noopener\">Comit\u00ea Lula Livre<\/a>&nbsp;CCEV<\/p>\n\n\n\n<p><strong><a target=\"_blank\" href=\"https:\/\/pt.org.br\/tag\/rio-de-janeiro\/\" rel=\"noreferrer noopener\">Rio de Janeiro<\/a>&nbsp;\u2013&nbsp;<\/strong>Atividade em Copacabana, no dia 27\/10<br>Atividade no Cal\u00e7ad\u00e3o da Penha, no dia 26\/10, a partir das 10h. Concentra\u00e7\u00e3o na Rua dos Romeiros<br>Barra Mansa \u2013 Festival Lula Livre<\/p>\n\n\n\n<p><strong>Nova Friburgo<\/strong>&nbsp;\u2013 Atividade na pra\u00e7a, dia 27\/10, de 10 \u00e0s 13 horas.<\/p>\n\n\n\n<p><strong>Vit\u00f3ria \u2013&nbsp;<\/strong>Atividade festiva com bolo no dia 26.10, \u00e0s 16h , na Pra\u00e7a Vermelha e no Triplex<\/p>\n\n\n\n<p><strong>Belo Horizonte&nbsp;<\/strong>Festival no Armaz\u00e9m do Campo nos dias 26 e 27\/10&nbsp;<em>Muralismo<\/em>&nbsp;+ onibus para CTBA, no dia 27\/10<br><em>Carreata<\/em>&nbsp;no dia 27\/10, as 10h. Ponto de encontro na Pra\u00e7a do Papa<\/p>\n\n\n\n<p><strong>Juiz de Fora \u2013&nbsp;<\/strong>Festival Lula Livre, no dia 26\/10 a partir das 11 horas, na Pra\u00e7a Antonio Carlos.<\/p>\n\n\n\n<p><strong>Claro dos Po\u00e7\u00f5es \u2013&nbsp;<\/strong>Sarau po\u00e9tico com bolo, no dia 27\/10. Endere\u00e7o: Rua Jos\u00e9 Oleg\u00e1rio Lacerda, 365. Centro.<\/p>\n\n\n\n<p>Sarau po\u00e9tico Lula Livre com parab\u00e9ns e bolo.<\/p>\n\n\n\n<p><strong>Goi\u00e1s<\/strong>&nbsp;\u2013 Anivers\u00e1rio Lula Livre 74 anos, no dia 27 de outubro das 9 \u00e0s 13, na pra\u00e7a da Feira do Jardim Curitiba \u2013 Goi\u00e2nia<\/p>\n\n\n\n<p><strong>Distrito Federal \u2013<\/strong>&nbsp;Caravana para Curitiba<br>Samba Lula Livre 27\/10 \u2013 a partir das 14h, no Bar do Pardim<\/p>\n\n\n\n<p><strong>Mato Grosso do Sul&nbsp;<\/strong>\u2013 Em Campo Grande as comemora\u00e7\u00f5es v\u00e3o ocorrer na sede do SINTSPREV , no dia 26\/10, a partir das 17 horas. Endere\u00e7o: Rua Salim Maluf, 69. Vila Bandeirantes.<\/p>\n\n\n\n<p><strong>Salvador&nbsp;<\/strong>\u2013 Missa na Igreja do Bonfim 27\/10, \u00e0s 9h<br>Carreata Lula livre 27\/10, \u00e0s 10 horas. Trajeto: de Campo Grande \u00e0 Itapo\u00e3<\/p>\n\n\n\n<p><strong>Teixeira de Freitas<\/strong>&nbsp;\u2013 Carreata no dia 27\/10, \u00e0s 9 horas. Concentra\u00e7\u00e3o: Posto Dois Irm\u00e3os \u2013 Dispers\u00e3o: Pra\u00e7a Ulisses Guimar\u00e3es.<\/p>\n\n\n\n<p><strong>Pernambuco:<\/strong><br><strong>Caet\u00e9s<\/strong>&nbsp;\u2013 A estrela nasceu aqui \u2013 das 8h \u00e0s 12h Celebra\u00e7ao na Casa de Lula, com ato ecum\u00eanico, cultural, pol\u00edtico. Bolo e Parab\u00e9ns<\/p>\n\n\n\n<p><strong>Recife<\/strong>&nbsp;\u2013 Barqueata- Sa\u00edda \u00e0s 8 horas no Pier do Jardim Baob\u00e1 \u2013<br>Atividades culturais no Armaz\u00e9m do Campo, a partir das 12 horas com Maracatus, pandeiros e bolo de Anivers\u00e1rio<\/p>\n\n\n\n<p><strong>Pedal Lula Livre<\/strong>&nbsp;a partir das 9 horas, Pra\u00e7a da Jaqueira<br>(acompanhar\u00e1 a barqueata nas pontes)<br><strong>Parab\u00e9ns com Bolo<\/strong>&nbsp;a partir das 16 horas na Av Rio Branco\/ Marco Zero<\/p>\n\n\n\n<p><strong>Olinda<\/strong>&nbsp;\u2013 Bloc\u00e3o Parab\u00e9ns Presidente, a partir das 14 horas, nas Pr\u00e9vias de Olinda, concentra\u00e7\u00e3o no Barrio \u2013 Varadouro<\/p>\n\n\n\n<p><strong>Camaragibe<\/strong>&nbsp;\u2013 Ato Lula livre, a partir das 16 horas. Concentra\u00e7\u00e3o na Pra\u00e7a de Camaragibe<\/p>\n\n\n\n<p><strong>Cear\u00e1<\/strong><br><strong>MOMBA\u00c7A<br><\/strong>19h \u2013 Assentamento Massap\u00ea<br>Org:&nbsp;<a target=\"_blank\" href=\"https:\/\/pt.org.br\/tag\/mst\/\" rel=\"noreferrer noopener\">MST<\/a><\/p>\n\n\n\n<p>26\/10 (s\u00e1bado)<\/p>\n\n\n\n<p><strong>ALTO SANTO<br><\/strong>8h \u2013 Caf\u00e9 da manh\u00e3 no Sindicato dos Trabalhadores Rurais<\/p>\n\n\n\n<p><strong>EUS\u00c9BIO<br><\/strong>8h \u2013 Passarela da serval (CE 040)<\/p>\n\n\n\n<p><strong>TARRAFAS<br><\/strong>10h \u2013 Club Landio Parq<br>Org:&nbsp;<a target=\"_blank\" href=\"https:\/\/pt.org.br\/tag\/pt\/\" rel=\"noreferrer noopener\">PT<\/a>&nbsp;Tarrafas, Sindicado dos Servidores P\u00fabicos Municipais e Sindicato Rural<\/p>\n\n\n\n<p><strong>CANIND\u00c9<br><\/strong>14h \u2013 Assentamento Tranval em Canind\u00e9<br>19h30 \u2013 Assentamento JUcurutu Canind\u00e9<br>Org: MST<\/p>\n\n\n\n<p><strong><a target=\"_blank\" href=\"https:\/\/pt.org.br\/fortaleza\" rel=\"noreferrer noopener\">FORTALEZA<\/a><br><\/strong>16h \u2013 Bar do Frei<br>Rua Paulo Firmeza 445, S\u00e3o Jo\u00e3o do Tauape<\/p>\n\n\n\n<p><strong>MADALENA<br><\/strong>18h \u2013 Pra\u00e7a da Matriz<br>Org: PT Municipal, MST e STTR<\/p>\n\n\n\n<p><strong>SOBRAL<br><\/strong>18h- Acampamento 01 de Maio Sobral<\/p>\n\n\n\n<p><strong>OCARA<br><\/strong>18h \u2013 Assentamento Ant\u00f4nio conselheiro<\/p>\n\n\n\n<p><strong>QUIXERAMOBIM<br><\/strong>19h \u2013 Secretaria do MST<br>Rua D. Helio Campos, 189 \u2013 Centro<\/p>\n\n\n\n<p><strong>JUAZEIRO DO NORTE<br><\/strong>19h \u2013 Cinema &amp; Poesia<br>Rua Santa Luzia, 1659<\/p>\n\n\n\n<p>27\/10 (domingo)<\/p>\n\n\n\n<p><strong>CAUCAIA<br><\/strong>8h \u2013 Pra\u00e7a da matriz<\/p>\n\n\n\n<p><strong>IGUATU<br><\/strong>9h \u2013 Sede do Diret\u00f3rio Municipal do PT<\/p>\n\n\n\n<p><strong>AMONTADA<br><\/strong>9h \u2013 Povos ind\u00edgenas<\/p>\n\n\n\n<p><strong>PACATUBA<br><\/strong>9h \u2013 Sede do PT Municipal<\/p>\n\n\n\n<p><strong>FORTALEZA<br><\/strong>9h \u2013 Associa\u00e7\u00e3o dos Catadores do Jo\u00e3o XXIII<br>R. R\u00f4mulo Bezerra, 281 \u2013 Jo\u00e3o XXIII<\/p>\n\n\n\n<p>13h \u2013 Cantinho Acad\u00eamico<br>Av. Treze de Maio, 2370<\/p>\n\n\n\n<p>16h \u2013 Sepertina Bar e&nbsp;<a target=\"_blank\" href=\"https:\/\/pt.org.br\/tag\/cultura\/\" rel=\"noreferrer noopener\">Cultura<\/a><br>Av. Her\u00e1clito Gra\u00e7a, 760<\/p>\n\n\n\n<p><strong>TAMBORIL<\/strong><br>17 \u2013 Acampamento Comuna Irm\u00e3 Dorate<\/p>\n\n\n\n<p><strong>Mossor\u00f3 \u2013&nbsp;<\/strong>Virada Potiguar Lula Livre., no dia 26\/10. O Evento ser\u00e1 realizado na Rua Juvenal Lamartine, no Centro, ao lado do antigo F\u00f3rum, pr\u00f3ximo \u00e0 Pra\u00e7a da Conviv\u00eancia<\/p>\n\n\n\n<p><strong>Natal&nbsp;<\/strong>\u2013 Bolo gigante e ato politico cultural , no dia 27\/ 10, a partir das 10 horas, no Largo do Capim Macio. Ponto 7.<\/p>\n\n\n\n<p><strong>Para\u00edba<\/strong>&nbsp;\u2013 atividades com panfletagens e coleta de assinaturas nas cidades:<\/p>\n\n\n\n<p><strong>Mandacaru \u2013<\/strong>&nbsp;caf\u00e9 da manh\u00e3 com Lula na Comunidade Beira Molhada, no dia 26\/10, \u00e0s 08h, na sede da Tribo ind\u00edgena Tupinamb\u00e1.<\/p>\n\n\n\n<p><strong>Jo\u00e3o Pessoa<\/strong>&nbsp; \u2013 Vai ter bolo e parab\u00e9ns, atra\u00e7\u00f5es culturais, panfletagem, Adesivagem, bandeira\u00e7o, bicicleta\u00e7o e muito mais, no dia 27 de outubro, das 08h \u00e0s 12h horas, na Feira de Oitizeiro.<\/p>\n\n\n\n<p><strong>Campina Grande<\/strong>&nbsp; Piquinique Lula Livre, no dia 27\/10, \u00e0s 09 horas.<br>Local: Parque da Crian\u00e7a \u2013 Campina Grande \u2013 PB<br><strong><br>Patos&nbsp;\u2013&nbsp;<\/strong>Feijoada Lula Livre, no dia 27\/10, a partir das 10 horas.<br>Local: Chal\u00e9 Recep\u00e7\u00f5es \u2013 Rua Eleonora Xavier S\/N \u2013 Loteamento S\u00e3o Geraldo<\/p>\n\n\n\n<p><strong>Juarez T\u00e1vora<\/strong>&nbsp;\u2013 Sorvetada Lula Livre, no dia 27\/10, das 14 as 17 horas<br>Local: Assentamento Margarida&nbsp;<a target=\"_blank\" href=\"https:\/\/pt.org.br\/maria-alves\" rel=\"noreferrer noopener\">Maria Alves<\/a>&nbsp;\u2013 Juarez T\u00e1vora \u2013 PB<\/p>\n\n\n\n<p><strong>Serra Branca&nbsp;<\/strong>\u2013 Atividades panfletagens e coleta de assinaturas<br><strong>Santa Rita&nbsp;<\/strong>\u2013 Atividades panfletagens e coleta de assinaturas<br>S<strong>anta Luzia<\/strong>&nbsp;\u2013 Atividades panfletagens e coleta de assinaturas<\/p>\n\n\n\n<p><strong>Maranh\u00e3o<\/strong>&nbsp;\u2013 Queima de de foguetes, palestras e muita anima\u00e7\u00e3o em Bar\u00e3o de Graja\u00fa \u2013 Maranh\u00e3o, a partir das 09 horas.<\/p>\n\n\n\n<p><strong>S\u00e3o Lu\u00eds<\/strong>&nbsp;\u2013 Atividade na Pra\u00e7a Benedito Leite, no dia 27\/10, a partir das 10h.<\/p>\n\n\n\n<p><strong><a target=\"_blank\" href=\"https:\/\/pt.org.br\/tag\/piaui-2\/\" rel=\"noreferrer noopener\">Piau\u00ed<\/a><\/strong>&nbsp;\u2013 &nbsp;Atividade na comunidade rutal Tocaia, no dia 27\/10, \u00e0s 8h30.<\/p>\n\n\n\n<p><strong>Alagoas \u2013&nbsp;<\/strong>Ato no dia 26\/10, das 9 \u00e0s 13 horas, no Sindicato dos Banc\u00e1rios e debate com sobre conjuntura nacional com Luciana Caetano (aspectos econ\u00f4micos) , Othoniel Pinheiro (aspectos jur\u00eddicos) e&nbsp;<a target=\"_blank\" href=\"https:\/\/pt.org.br\/tag\/paulao\/\" rel=\"noreferrer noopener\">Paul\u00e3o<\/a>&nbsp;(aspectos pol\u00edticos).<\/p>\n\n\n\n<p><strong>Amazonas \u2013 Em Figueiredo<\/strong>&nbsp;Atividade no dia 27\/10, domingo, \u00e0s 18 horas&nbsp; na Rua Cump\u00faba, n 01, centro.<\/p>\n\n\n\n<h3 class=\"wp-block-heading\"><strong>Atividades no exterior<\/strong><\/h3>\n\n\n\n<p><strong>FRAN\u00c7A<\/strong><\/p>\n\n\n\n<p><strong>25\/10 || FEIJOADA DO LULA<\/strong><\/p>\n\n\n\n<p>Paris<br>Organizado por&nbsp;<a target=\"_blank\" href=\"https:\/\/www.google.com\/url?q=https:\/\/www.facebook.com\/Comit%C3%A9-de-Solidarit%C3%A9-avec-LULA-et-de-d%C3%A9fense-de-la-d%C3%A9mocratie-159650571393974&amp;sa=D&amp;usd=2&amp;usg=AOvVaw1CA5jeKLWVkPWq6XgPFK9Y\" rel=\"noreferrer noopener\">Comit\u00e9 international pour la solidarit\u00e9 avec Lula et la d\u00e9fense de la d\u00e9mocratie<\/a><br>Saiba mais:&nbsp;<a target=\"_blank\" href=\"https:\/\/www.facebook.com\/events\/1331171187052644\/\" rel=\"noreferrer noopener\">facebook.com\/events\/1331171187052644\/<\/a><\/p>\n\n\n\n<p><strong><a target=\"_blank\" href=\"https:\/\/pt.org.br\/tag\/estados-unidos\/\" rel=\"noreferrer noopener\">ESTADOS UNIDOS<\/a><\/strong><\/p>\n\n\n\n<p><strong>26\/10 || FREE LULA RALLY PARTY<\/strong><\/p>\n\n\n\n<p>Los Angeles<br>Organizado por&nbsp;<a target=\"_blank\" href=\"https:\/\/www.facebook.com\/pslweb\/\" rel=\"noreferrer noopener\">Socialism and Liberation<\/a>&nbsp;\u2013 Los Angeles<br>Saiba mais:&nbsp;<a target=\"_blank\" href=\"https:\/\/www.facebook.com\/events\/493641034550821\/\" rel=\"noreferrer noopener\">https:\/\/www.facebook.com\/events\/493641034550821\/<\/a><\/p>\n\n\n\n<p><strong>26\/10 || FREE LULA ART SHOW<\/strong><\/p>\n\n\n\n<p>Nova York<br>Organizado por<a target=\"_blank\" href=\"https:\/\/www.facebook.com\/PaginaAlertaNYC\/?eid=ARAOcQHKC-Jr-1lUDIvseCpOK4p-biYpbXyraxig-wXoYCrG8kKOE3JA-gqgh0mrM8LkKcAv-je1sXij\" rel=\"noreferrer noopener\">&nbsp;Alerta-NYC<\/a>,&nbsp;<a target=\"_blank\" href=\"https:\/\/www.facebook.com\/BRADONYC\/?fref=profile_friend_list&amp;hc_location=profile_browser\" rel=\"noreferrer noopener\">BRADO -NYC<\/a>,&nbsp;<a target=\"_blank\" href=\"https:\/\/www.facebook.com\/WBAIVoicesofResistance\/?fref=profile_friend_list&amp;hc_location=profile_browser\" rel=\"noreferrer noopener\">Voices of Resistance<\/a>&nbsp;e&nbsp;<a target=\"_blank\" href=\"https:\/\/www.facebook.com\/mulheresdaresistencia\/?fref=profile_friend_list&amp;hc_location=profile_browser\" rel=\"noreferrer noopener\">Mulheres da Resist\u00eancia no Exterior<\/a><br>Saiba mais:&nbsp;<a target=\"_blank\" href=\"https:\/\/www.facebook.com\/events\/2985594591515868\/\" rel=\"noreferrer noopener\">facebook.com\/events\/2985594591515868\/<\/a><\/p>\n\n\n\n<p><strong>FRAN\u00c7A<\/strong><\/p>\n\n\n\n<p><strong>26\/10 || LULA DAY \u2013 ESTRASBURGO<\/strong><\/p>\n\n\n\n<p>Estrasburgo<br>Organizado por Comit\u00ea Lula Livre \u2013 Place Strasbourg<br>[Mais informa\u00e7\u00f5es em breve]<\/p>\n\n\n\n<p><strong>27\/10 ||<\/strong>&nbsp;<strong>LULA DAY<\/strong><\/p>\n\n\n\n<p><strong>ALEMANHA<\/strong><br>Berlim<br>Organizado por&nbsp;<a target=\"_blank\" href=\"https:\/\/www.google.com\/url?q=https:\/\/www.facebook.com\/groups\/226227654774913&amp;sa=D&amp;usd=2&amp;usg=AOvVaw2ajyDPlGPdkQ4J_7l55VgX\" rel=\"noreferrer noopener\">Comit\u00ea Lula Livre Berlim<\/a><br>Saiba mais:&nbsp;<a target=\"_blank\" href=\"https:\/\/www.facebook.com\/events\/2159207747715977\/\" rel=\"noreferrer noopener\">https:\/\/www.facebook.com\/events\/2159207747715977\/<\/a><\/p>\n\n\n\n<p>Berlim<br>Organizado por&nbsp;<a target=\"_blank\" href=\"https:\/\/www.facebook.com\/groups\/2077427795902197\/\" rel=\"noreferrer noopener\">Deutsche Initiative Lula Livre<\/a><br>Saiba mais:&nbsp;<a target=\"_blank\" href=\"https:\/\/www.facebook.com\/events\/759973164451311\/\" rel=\"noreferrer noopener\">https:\/\/www.facebook.com\/events\/759973164451311<\/a>\/<\/p>\n\n\n\n<p><strong><a target=\"_blank\" href=\"https:\/\/pt.org.br\/tag\/argentina\/\" rel=\"noreferrer noopener\">ARGENTINA<\/a><\/strong><br>Buenos Aires<br>Organizado por&nbsp;<a target=\"_blank\" href=\"https:\/\/www.google.com\/url?q=https:\/\/twitter.com\/LulaLibreZNBsAs&amp;sa=D&amp;usd=2&amp;usg=AOvVaw3TUXCbFTOAit65JTBDRot6\" rel=\"noreferrer noopener\">Comit\u00ea Internacional Lula Livre Zona Norte de Buenos Aires<\/a><br>Foto no Obelisco na avenida 9 de julio, em Buenos Aires as 17 horas, no dia 27\/10<\/p>\n\n\n\n<p><strong>B\u00c9LGICA<\/strong><br>Bruxelas<br>Organizado por Comit\u00ea Lula Livre Bruxelas<br>[Mais informa\u00e7\u00f5es em breve]<\/p>\n\n\n\n<p><strong>ESPANHA<\/strong><br>Madri<br>Organizado por&nbsp;<a target=\"_blank\" href=\"https:\/\/www.google.com\/url?q=https:\/\/www.facebook.com\/Comit%C3%A9-Lula-Libre-Madrid-351408998804799\/?eid%3DARAdnTh9oeXH66im7aPWmAxQrhSk5qjgk708ZYHH3JTjQLn7z94QEs4FvM05kdFADmoUGYhZt6nFdEDd&amp;sa=D&amp;usd=2&amp;usg=AOvVaw3GvjoB5K9vgKLJuyonM5cb\" rel=\"noreferrer noopener\">Comit\u00e9 Lula Libre \u2013 Madrid<\/a><br>Evento:&nbsp;<a target=\"_blank\" href=\"https:\/\/www.google.com\/url?q=https:\/\/www.facebook.com\/events\/2502319533379666\/&amp;sa=D&amp;usd=2&amp;usg=AOvVaw3PVoHPP0XpWJgJKyytrOPd\" rel=\"noreferrer noopener\">https:\/\/www.facebook.com\/events\/2502319533379666\/<\/a><\/p>\n\n\n\n<p><strong>FRAN\u00c7A<\/strong><br>Paris<br>Organizado por&nbsp;<a target=\"_blank\" href=\"https:\/\/www.google.com\/url?q=https:\/\/www.facebook.com\/comitelulalibre\/&amp;sa=D&amp;usd=2&amp;usg=AOvVaw2hCRC1n5kugSNq9SfLhEwT\" rel=\"noreferrer noopener\">Lib\u00e9rez Lula \u2013 Comit\u00e9 de Solidarit\u00e9 avec Lula et de d\u00e9fense de la d\u00e9mocratie<\/a><br>[Mais informa\u00e7\u00f5es em breve]<\/p>\n\n\n\n<p><strong>ESTADOS UNIDOS<\/strong><br>Nova Iorque<br>Organizado por&nbsp;<a target=\"_blank\" href=\"https:\/\/www.google.com\/url?q=https:\/\/www.facebook.com\/BRADONYC\/?fref%3Dprofile_friend_list%26hc_location%3Dprofile_browser&amp;sa=D&amp;usd=2&amp;usg=AOvVaw2qib2W5JimmE0GofVdJLuZ\" rel=\"noreferrer noopener\">Brado NY,<\/a><a target=\"_blank\" href=\"https:\/\/www.google.com\/url?q=https:\/\/www.facebook.com\/PaginaAlertaNYC\/?fref%3Dprofile_friend_list%26hc_location%3Dprofile_browser&amp;sa=D&amp;usd=2&amp;usg=AOvVaw1Wz2Vgx1pM0JlaJtH4wK3U\" rel=\"noreferrer noopener\">Alerta NYC<\/a>&nbsp;e&nbsp;<a target=\"_blank\" href=\"https:\/\/www.google.com\/url?q=https:\/\/www.facebook.com\/mulheresdaresistencia\/?eid%3DARD-3mkMOhYuOvRftYZkAR-BFS8QOXEEl4TAWNsm1uFH8UTotZShNdYnlk4M4uKygIrkV9TaLoDnngvv&amp;sa=D&amp;usd=2&amp;usg=AOvVaw2jlIVCJ3g2u47vcTDHgKHX\" rel=\"noreferrer noopener\">Mulheres da Resist\u00eancia no Exterior<\/a><br>Evento:&nbsp;<a target=\"_blank\" href=\"https:\/\/www.google.com\/url?q=https:\/\/www.facebook.com\/events\/789027921547351\/&amp;sa=D&amp;usd=2&amp;usg=AOvVaw1YMLhaq9VYxvXoqZ93tIWT\" rel=\"noreferrer noopener\">https:\/\/www.facebook.com\/events\/789027921547351\/<\/a><\/p>\n\n\n\n<p>Orlando<br>Organizado por&nbsp;<a target=\"_blank\" href=\"https:\/\/www.facebook.com\/mulheresdaresistencia\/?eid=ARD-3mkMOhYuOvRftYZkAR-BFS8QOXEEl4TAWNsm1uFH8UTotZShNdYnlk4M4uKygIrkV9TaLoDnngvv\" rel=\"noreferrer noopener\">Mulheres da Resist\u00eancia no Exterior<\/a><br>Evento:&nbsp;<a target=\"_blank\" href=\"https:\/\/www.facebook.com\/events\/2449431201995655\/\" rel=\"noreferrer noopener\">https:\/\/www.facebook.com\/events\/2449431201995655\/<\/a><\/p>\n\n\n\n<p><strong>\u00cdNDIA<\/strong><br>Bodhgaya<br>[Mais informa\u00e7\u00f5es em breve]<\/p>\n\n\n\n<p><strong>IT\u00c1LIA<\/strong><br>Ravena<br>Organizado por&nbsp;<a target=\"_blank\" href=\"https:\/\/www.facebook.com\/Lulafriends\/?eid=ARDb2ELb9gmClso-Yo9cy2NOdgEjs2W2JClmrSPHfKSWFhX7bu7xRylqzZgHy1Yk2pLr4baO9gEI1eWj\" rel=\"noreferrer noopener\">Lula Day Page<\/a><br>Evento:&nbsp;<a target=\"_blank\" href=\"https:\/\/www.facebook.com\/events\/2407458889572686\/\" rel=\"noreferrer noopener\">https:\/\/www.facebook.com\/events\/2407458889572686\/<\/a><\/p>\n\n\n\n<p>Roma<br>Organizado por&nbsp;<a target=\"_blank\" href=\"https:\/\/www.google.com\/url?q=https:\/\/www.facebook.com\/ComitatoItalianoLulaLivre\/&amp;sa=D&amp;usd=2&amp;usg=AOvVaw1tWJ4zS2z8N6yDMaCGr9kd\" rel=\"noreferrer noopener\">Comitato Italiano Lula Livre<\/a><br>Evento:&nbsp;<a target=\"_blank\" href=\"https:\/\/www.facebook.com\/events\/936006756779085\/\" rel=\"noreferrer noopener\">https:\/\/www.facebook.com\/events\/936006756779085\/<\/a><\/p>\n\n\n\n<p>Verona<br>Organizado por Comit\u00ea Lula Livre Verona<br>[Mais informa\u00e7\u00f5es em breve]<\/p>\n\n\n\n<p><strong>PORTUGAL<\/strong><br>Coimbra<br>Organizado por&nbsp;<a target=\"_blank\" href=\"https:\/\/www.facebook.com\/vozesnomundocoimbra\/?eid=ARDeY4RrchWuj-cCjH5ODq8WofP0d2GKpImST9AKzZyVwDOCubtvZuMtCd8K-WdEXwgKWecgVSTXIbqm\" rel=\"noreferrer noopener\">Vozes no Mundo \u2013 Frente Pela Democracia no Brasil<\/a><br>Evento:&nbsp;<a target=\"_blank\" href=\"https:\/\/www.facebook.com\/events\/1069294606757982\/\" rel=\"noreferrer noopener\">https:\/\/www.facebook.com\/events\/1069294606757982\/<\/a><\/p>\n\n\n\n<p><strong>REINO UNIDO<\/strong><br>Londres<br>Organizador:&nbsp;<a target=\"_blank\" href=\"https:\/\/www.google.com\/url?q=https:\/\/www.facebook.com\/ComiteLulaLivreUKFreeLULA\/&amp;sa=D&amp;usd=2&amp;usg=AOvVaw03bGNKsuZCUxyVzLrm71iA\" rel=\"noreferrer noopener\">Comit\u00ea Lula Livre UK \u2013 Free Lula<\/a><br>Evento:&nbsp;<a target=\"_blank\" href=\"https:\/\/www.google.com\/url?q=https:\/\/www.facebook.com\/events\/380519882898832\/&amp;sa=D&amp;usd=2&amp;usg=AOvVaw3tnx8ZfzpnvxdraJ5z1Da3\" rel=\"noreferrer noopener\">https:\/\/www.facebook.com\/events\/380519882898832\/<\/a><\/p>\n\n\n\n<p>Oxford<br>Organizador:&nbsp;<a target=\"_blank\" href=\"https:\/\/www.facebook.com\/EnglandLulaLivre\/?eid=ARAghFzXwMAaMqiEqEEZFtpRqyIDX8Rdxx_51EmT17GXQB8iI1JlrivE74fRVz413Bx7daIJXMy4QUq2\" rel=\"noreferrer noopener\">Comit\u00ea Lula Livre England_Oxford \u2013 FreeLula<\/a><br>Evento:&nbsp;<a target=\"_blank\" href=\"https:\/\/www.facebook.com\/events\/500775907436207\/?ti=wa\" rel=\"noreferrer noopener\">https:\/\/www.facebook.com\/events\/500775907436207\/?ti=wa<\/a><\/p>\n\n\n\n<p>Confira as atividades na p\u00e1gina do evento clicando&nbsp;<a target=\"_blank\" href=\"https:\/\/www.facebook.com\/events\/716038752236051\/\" rel=\"noreferrer noopener\">AQUI<\/a><br><\/p>\n","protected":false},"excerpt":{"rendered":"<p>Brasileiros em todo o pa\u00eds v\u00e3o \u00e0s ruas neste fim de semana, durante o 6\u00ba Mutir\u00e3o&nbsp;Lula&nbsp;Livre, para exigir a anula\u00e7\u00e3o das condena\u00e7\u00f5es do ex-presidente. Esta&hellip; <\/p>\n","protected":false},"author":1,"featured_media":38727,"comment_status":"closed","ping_status":"closed","sticky":false,"template":"","format":"standard","meta":{"sfsi_plus_gutenberg_text_before_share":"","sfsi_plus_gutenberg_show_text_before_share":"","sfsi_plus_gutenberg_icon_type":"","sfsi_plus_gutenberg_icon_alignemt":"","sfsi_plus_gutenburg_max_per_row":"","footnotes":""},"categories":[2],"tags":[],"class_list":["post-130375","post","type-post","status-publish","format-standard","has-post-thumbnail","hentry","category-geral"],"_links":{"self":[{"href":"https:\/\/www.caririemacao.com\/1\/wp-json\/wp\/v2\/posts\/130375","targetHints":{"allow":["GET"]}}],"collection":[{"href":"https:\/\/www.caririemacao.com\/1\/wp-json\/wp\/v2\/posts"}],"about":[{"href":"https:\/\/www.caririemacao.com\/1\/wp-json\/wp\/v2\/types\/post"}],"author":[{"embeddable":true,"href":"https:\/\/www.caririemacao.com\/1\/wp-json\/wp\/v2\/users\/1"}],"replies":[{"embeddable":true,"href":"https:\/\/www.caririemacao.com\/1\/wp-json\/wp\/v2\/comments?post=130375"}],"version-history":[{"count":1,"href":"https:\/\/www.caririemacao.com\/1\/wp-json\/wp\/v2\/posts\/130375\/revisions"}],"predecessor-version":[{"id":130376,"href":"https:\/\/www.caririemacao.com\/1\/wp-json\/wp\/v2\/posts\/130375\/revisions\/130376"}],"wp:featuredmedia":[{"embeddable":true,"href":"https:\/\/www.caririemacao.com\/1\/wp-json\/wp\/v2\/media\/38727"}],"wp:attachment":[{"href":"https:\/\/www.caririemacao.com\/1\/wp-json\/wp\/v2\/media?parent=130375"}],"wp:term":[{"taxonomy":"category","embeddable":true,"href":"https:\/\/www.caririemacao.com\/1\/wp-json\/wp\/v2\/categories?post=130375"},{"taxonomy":"post_tag","embeddable":true,"href":"https:\/\/www.caririemacao.com\/1\/wp-json\/wp\/v2\/tags?post=130375"}],"curies":[{"name":"wp","href":"https:\/\/api.w.org\/{rel}","templated":true}]}}