{"id":130378,"date":"2019-10-27T08:18:50","date_gmt":"2019-10-27T11:18:50","guid":{"rendered":"http:\/\/www.caririemacao.com\/1\/?p=130378"},"modified":"2019-10-27T08:18:50","modified_gmt":"2019-10-27T11:18:50","slug":"homem-e-preso-suspeito-de-estuprar-crianca-de-10-anos-em-lan-house","status":"publish","type":"post","link":"https:\/\/www.caririemacao.com\/1\/2019\/10\/27\/homem-e-preso-suspeito-de-estuprar-crianca-de-10-anos-em-lan-house\/","title":{"rendered":"Homem \u00e9 preso suspeito de estuprar crian\u00e7a de 10 anos em lan house"},"content":{"rendered":"\n<p>Foi preso na manh\u00e3 desta sexta-feira (25) um homem de 45 anos, em Jo\u00e3o Pessoa, suspeito de estuprar um menino de dez anos de idade. A pris\u00e3o foi realizada por policiais do 5\u00ba Batalh\u00e3o de Pol\u00edcia Militar da Para\u00edba depois de uma den\u00fancia feita pela m\u00e3e da crian\u00e7a ao Centro Integrado de Opera\u00e7\u00f5es Policiais (Ciop).<\/p>\n\n\n\n<p>De acordo com o Sargento Cosmo Alencar, o estupro teria acontecido na noite da quinta-feira (24) numa lan house de propriedade do suspeito, localizada no Bairro de Funcion\u00e1rios II.<\/p>\n\n\n\n<p>O sargento explica que a m\u00e3e percebeu algo suspeito com o filho, o questionou, e ele acabou revelando o que havia acontecido. \u201cFomos primeiro at\u00e9 a casa das v\u00edtimas. Coletamos as informa\u00e7\u00f5es necess\u00e1rias e depois fomos \u00e0 lan house. O homem se encontrava no local e demos voz de pris\u00e3o. Ele n\u00e3o reagiu. N\u00e3o confessou, nem negou\u201d, explicou Cosmo.<\/p>\n\n\n\n<p>O suspeito foi enviado para a Delegacia de Repress\u00e3o aos Crimes Contra a Inf\u00e2ncia e a Juventude, da Pol\u00edcia Civil da Para\u00edba. De acordo com a delegada titular, Joana D\u2019arc, a pris\u00e3o foi realizada por outra delegada, mas ainda nesta tarde ela mesma deve dar sequ\u00eancia ao caso e iniciar a investiga\u00e7\u00e3o.<\/p>\n\n\n\n<p>Al\u00e9m do homem preso, os policiais militares apreenderam alguns computadores que estavam no local e os encaminharam \u00e0 Delegacia do Menor V\u00edtima. A Pol\u00edcia Civil pode solicitar as per\u00edcias dos equipamentos. A Pol\u00edcia Militar informou que o homem j\u00e1 responde na Justi\u00e7a pelo crime de aliciamento de menores.<\/p>\n","protected":false},"excerpt":{"rendered":"<p>Foi preso na manh\u00e3 desta sexta-feira (25) um homem de 45 anos, em Jo\u00e3o Pessoa, suspeito de estuprar um menino de dez anos de idade.&hellip; <\/p>\n","protected":false},"author":1,"featured_media":130379,"comment_status":"closed","ping_status":"closed","sticky":false,"template":"","format":"standard","meta":{"sfsi_plus_gutenberg_text_before_share":"","sfsi_plus_gutenberg_show_text_before_share":"","sfsi_plus_gutenberg_icon_type":"","sfsi_plus_gutenberg_icon_alignemt":"","sfsi_plus_gutenburg_max_per_row":"","footnotes":""},"categories":[12],"tags":[],"class_list":["post-130378","post","type-post","status-publish","format-standard","has-post-thumbnail","hentry","category-policia"],"_links":{"self":[{"href":"https:\/\/www.caririemacao.com\/1\/wp-json\/wp\/v2\/posts\/130378","targetHints":{"allow":["GET"]}}],"collection":[{"href":"https:\/\/www.caririemacao.com\/1\/wp-json\/wp\/v2\/posts"}],"about":[{"href":"https:\/\/www.caririemacao.com\/1\/wp-json\/wp\/v2\/types\/post"}],"author":[{"embeddable":true,"href":"https:\/\/www.caririemacao.com\/1\/wp-json\/wp\/v2\/users\/1"}],"replies":[{"embeddable":true,"href":"https:\/\/www.caririemacao.com\/1\/wp-json\/wp\/v2\/comments?post=130378"}],"version-history":[{"count":1,"href":"https:\/\/www.caririemacao.com\/1\/wp-json\/wp\/v2\/posts\/130378\/revisions"}],"predecessor-version":[{"id":130380,"href":"https:\/\/www.caririemacao.com\/1\/wp-json\/wp\/v2\/posts\/130378\/revisions\/130380"}],"wp:featuredmedia":[{"embeddable":true,"href":"https:\/\/www.caririemacao.com\/1\/wp-json\/wp\/v2\/media\/130379"}],"wp:attachment":[{"href":"https:\/\/www.caririemacao.com\/1\/wp-json\/wp\/v2\/media?parent=130378"}],"wp:term":[{"taxonomy":"category","embeddable":true,"href":"https:\/\/www.caririemacao.com\/1\/wp-json\/wp\/v2\/categories?post=130378"},{"taxonomy":"post_tag","embeddable":true,"href":"https:\/\/www.caririemacao.com\/1\/wp-json\/wp\/v2\/tags?post=130378"}],"curies":[{"name":"wp","href":"https:\/\/api.w.org\/{rel}","templated":true}]}}