{"id":130382,"date":"2019-10-27T08:19:38","date_gmt":"2019-10-27T11:19:38","guid":{"rendered":"http:\/\/www.caririemacao.com\/1\/?p=130382"},"modified":"2019-10-27T08:19:38","modified_gmt":"2019-10-27T11:19:38","slug":"papa-francisco-anuncia-que-igreja-catolica-criara-a-secao-amazonica","status":"publish","type":"post","link":"https:\/\/www.caririemacao.com\/1\/2019\/10\/27\/papa-francisco-anuncia-que-igreja-catolica-criara-a-secao-amazonica\/","title":{"rendered":"Papa Francisco anuncia que Igreja Cat\u00f3lica criar\u00e1 a \u2018se\u00e7\u00e3o amaz\u00f4nica\u2019"},"content":{"rendered":"\n<p>(FOLHAPRESS) \u2013 No encontro com os participantes do&nbsp;<a href=\"https:\/\/paraibaonline.com.br\/2019\/10\/sinodo-da-amazonia-mulheres-querem-mais-espacos-na-igreja-catolica\/\">s\u00ednodo da Amaz\u00f4nia,<\/a>&nbsp;neste s\u00e1bado (26), o papa Francisco anunciou a abertura de uma se\u00e7\u00e3o amaz\u00f4nica dentro da estrutura administrativa da Santa S\u00e9.<\/p>\n\n\n\n<p>O evento foi um dos \u00faltimos do encontro religioso no Vaticano, que come\u00e7ou no in\u00edcio do m\u00eas e se encerra neste domingo.<\/p>\n\n\n\n<p>A se\u00e7\u00e3o amaz\u00f4nica ficar\u00e1 sob a responsabilidade do Dicast\u00e9rio para o Servi\u00e7o do Desenvolvimento Humano Integral, um dos dos 56 setores da C\u00faria Romana, que compreende as institui\u00e7\u00f5es administrativas da Santa S\u00e9.<\/p>\n\n\n\n<p>O Dicast\u00e9rio para o Servi\u00e7o do Desenvolvimento Humano Integral foi criado pelo papa Francisco em 2016, cuida de \u201cquest\u00f5es referentes a migra\u00e7\u00f5es, necessitados, doentes, exclu\u00eddos, marginalizados e as v\u00edtimas de conflitos armados e das cat\u00e1strofes naturais, os presos, os desempregados e as v\u00edtimas de qualquer forma de escravid\u00e3o e tortura\u201d.<\/p>\n\n\n\n<p>No mesmo pronunciamento, o papa fez uma men\u00e7\u00e3o \u00e0 adolescente sueca Greta Thumberg, que liderou manifesta\u00e7\u00f5es em setembro, que reuniram milh\u00f5es de pessoas pelo mundo, sobre mudan\u00e7as clim\u00e1ticas. Francisco lembrou que os jovens exibiram cartazes dizendo que o \u201cfuturo \u00e9 nosso\u201d, demonstrando consci\u00eancia com a gravidade da quest\u00e3o ambiental.<\/p>\n\n\n\n<p>Neste s\u00e1bado, foi apresentado um relat\u00f3rio aprovado pela assembleia dos padres sinodais, que agora ser\u00e1 analisado por Francisco.<\/p>\n\n\n\n<p>O par\u00e1grafo 82 prop\u00f5e a cria\u00e7\u00e3o do \u201cpecado ecol\u00f3gico como uma a\u00e7\u00e3o ou omiss\u00e3o contra Deus, contra o pr\u00f3ximo, a comunidade e o ambiente\u201d.<\/p>\n\n\n\n<p>\u201c\u00c9 um pecado contra as futuras gera\u00e7\u00f5es e se manifesta em atos e h\u00e1bitos de polui\u00e7\u00e3o e destrui\u00e7\u00e3o da harmonia do ambiente, transgress\u00f5es contra os princ\u00edpios da interdepend\u00eancia e a ruptura das redes de de solidariedade entre os seres vivos e contra a virtude da justi\u00e7a.\u201d<\/p>\n","protected":false},"excerpt":{"rendered":"<p>(FOLHAPRESS) \u2013 No encontro com os participantes do&nbsp;s\u00ednodo da Amaz\u00f4nia,&nbsp;neste s\u00e1bado (26), o papa Francisco anunciou a abertura de uma se\u00e7\u00e3o amaz\u00f4nica dentro da estrutura&hellip; <\/p>\n","protected":false},"author":1,"featured_media":130383,"comment_status":"closed","ping_status":"closed","sticky":false,"template":"","format":"standard","meta":{"sfsi_plus_gutenberg_text_before_share":"","sfsi_plus_gutenberg_show_text_before_share":"","sfsi_plus_gutenberg_icon_type":"","sfsi_plus_gutenberg_icon_alignemt":"","sfsi_plus_gutenburg_max_per_row":"","footnotes":""},"categories":[2],"tags":[],"class_list":["post-130382","post","type-post","status-publish","format-standard","has-post-thumbnail","hentry","category-geral"],"_links":{"self":[{"href":"https:\/\/www.caririemacao.com\/1\/wp-json\/wp\/v2\/posts\/130382","targetHints":{"allow":["GET"]}}],"collection":[{"href":"https:\/\/www.caririemacao.com\/1\/wp-json\/wp\/v2\/posts"}],"about":[{"href":"https:\/\/www.caririemacao.com\/1\/wp-json\/wp\/v2\/types\/post"}],"author":[{"embeddable":true,"href":"https:\/\/www.caririemacao.com\/1\/wp-json\/wp\/v2\/users\/1"}],"replies":[{"embeddable":true,"href":"https:\/\/www.caririemacao.com\/1\/wp-json\/wp\/v2\/comments?post=130382"}],"version-history":[{"count":1,"href":"https:\/\/www.caririemacao.com\/1\/wp-json\/wp\/v2\/posts\/130382\/revisions"}],"predecessor-version":[{"id":130384,"href":"https:\/\/www.caririemacao.com\/1\/wp-json\/wp\/v2\/posts\/130382\/revisions\/130384"}],"wp:featuredmedia":[{"embeddable":true,"href":"https:\/\/www.caririemacao.com\/1\/wp-json\/wp\/v2\/media\/130383"}],"wp:attachment":[{"href":"https:\/\/www.caririemacao.com\/1\/wp-json\/wp\/v2\/media?parent=130382"}],"wp:term":[{"taxonomy":"category","embeddable":true,"href":"https:\/\/www.caririemacao.com\/1\/wp-json\/wp\/v2\/categories?post=130382"},{"taxonomy":"post_tag","embeddable":true,"href":"https:\/\/www.caririemacao.com\/1\/wp-json\/wp\/v2\/tags?post=130382"}],"curies":[{"name":"wp","href":"https:\/\/api.w.org\/{rel}","templated":true}]}}