{"id":130395,"date":"2019-10-27T08:26:11","date_gmt":"2019-10-27T11:26:11","guid":{"rendered":"http:\/\/www.caririemacao.com\/1\/?p=130395"},"modified":"2019-10-27T08:26:11","modified_gmt":"2019-10-27T11:26:11","slug":"lula-critica-cretinice-do-governo-sobre-vazamento-de-oleo-no-nordeste","status":"publish","type":"post","link":"https:\/\/www.caririemacao.com\/1\/2019\/10\/27\/lula-critica-cretinice-do-governo-sobre-vazamento-de-oleo-no-nordeste\/","title":{"rendered":"Lula critica \u201ccretinice\u201d do governo sobre vazamento de \u00f3leo no Nordeste"},"content":{"rendered":"\n<p>O ex-presidente Luiz In\u00e1cio&nbsp;<a target=\"_blank\" href=\"https:\/\/pt.org.br\/tag\/lula\/\" rel=\"noreferrer noopener\">Lula<\/a>&nbsp;da Silva criticou a atua\u00e7\u00e3o do governo&nbsp;<a target=\"_blank\" href=\"https:\/\/pt.org.br\/tag\/jair-bolsonaro\/\" rel=\"noreferrer noopener\">Jair Bolsonaro<\/a>&nbsp;(<a target=\"_blank\" href=\"https:\/\/pt.org.br\/tag\/psl\/\" rel=\"noreferrer noopener\">PSL<\/a>) diante do vazamento de&nbsp;<a target=\"_blank\" href=\"https:\/\/pt.org.br\/tag\/petroleo-2\/\" rel=\"noreferrer noopener\">petr\u00f3leo<\/a>&nbsp;que desde o final de agosto atinge as praias do&nbsp;<a target=\"_blank\" href=\"https:\/\/pt.org.br\/tag\/nordeste\/\" rel=\"noreferrer noopener\">Nordeste<\/a>.&nbsp;<a target=\"_blank\" href=\"https:\/\/pt.org.br\/lula\" rel=\"noreferrer noopener\">Lula<\/a>&nbsp;falou ao&nbsp;<strong><a target=\"_blank\" href=\"https:\/\/www.brasildefato.com.br\/2019\/10\/25\/lula-critica-cretinice-do-governo-na-questao-do-vazamento-de-oleo-no-nordeste\/\" rel=\"noreferrer noopener\">Brasil de Fato<\/a><\/strong>&nbsp;com exclusividade na quarta-feira (23).<\/p>\n\n\n\n<p>\u201cN\u00e3o queremos saber de onde \u00e9 o \u00f3leo, se \u00e9 da&nbsp;<a target=\"_blank\" href=\"https:\/\/pt.org.br\/tag\/venezuela-2\/\" rel=\"noreferrer noopener\">Venezuela<\/a>, brasileiro, iraquiano, iraniano ou \u00e9 russo [\u2026] N\u00f3s queremos saber que o \u00f3leo est\u00e1 atingindo as praias brasileiras, que \u00e9 uma das fontes de riqueza e gera\u00e7\u00e3o de&nbsp;<a target=\"_blank\" href=\"https:\/\/pt.org.br\/tag\/emprego-2\/\" rel=\"noreferrer noopener\">emprego<\/a>&nbsp;no Brasil atrav\u00e9s do turismo e que, at\u00e9 agora, h\u00e1 60 dias, o presidente n\u00e3o p\u00f4s os p\u00e9s l\u00e1, n\u00e3o foi l\u00e1\u201d, diz Lula.<\/p>\n\n\n\n<p>Praias dos&nbsp;<strong><a target=\"_blank\" href=\"https:\/\/pt.org.br\/governo-ignorou-instrucoes-de-manual-sobre-como-agir-em-desastre-com-oleo\/\" rel=\"noreferrer noopener\">nove estados da Regi\u00e3o Nordeste foram atingidos por petr\u00f3leo<\/a><\/strong>&nbsp;cru. As manchas de \u00f3leo surgiram inicialmente na cidade de Conde, no litoral Sul da Para\u00edba.<\/p>\n\n\n\n<p>A falta de transpar\u00eancia do governo sobre o desastre ambiental, de propor\u00e7\u00f5es ainda incalcul\u00e1veis, foi duramente criticada. Al\u00e9m disso, a administra\u00e7\u00e3o Bolsonaro n\u00e3o colocou em pr\u00e1tica um plano de a\u00e7\u00e3o elaborado para conter situa\u00e7\u00f5es como essas porque o colegiado respons\u00e1vel foi extinto em abril deste ano.<\/p>\n\n\n\n<p>\u201cOntem eu vi o ministro do&nbsp;<a target=\"_blank\" href=\"https:\/\/pt.org.br\/tag\/meio-ambiente\/\" rel=\"noreferrer noopener\">Meio Ambiente<\/a>&nbsp;[&nbsp;<a target=\"_blank\" href=\"https:\/\/pt.org.br\/tag\/ricardo-salles\/\" rel=\"noreferrer noopener\">Ricardo Salles<\/a>] dizer [que] o \u00f3leo \u00e9 da Venezuela. Quem quer saber de onde \u00e9 o \u00f3leo, meu Deus do c\u00e9u? Se for dos&nbsp;<a target=\"_blank\" href=\"https:\/\/pt.org.br\/tag\/estados-unidos\/\" rel=\"noreferrer noopener\">Estados Unidos<\/a>&nbsp;\u00e9 bom? Se for de Israel \u00e9 bom? N\u00e3o [\u2026] Isso \u00e9 de uma cretinice muito grande. E n\u00f3s estamos vendo isso, sabe?\u201d, afirma Lula.<\/p>\n\n\n\n<p><strong>Confira trecho, veiculado na&nbsp;<a target=\"_blank\" href=\"https:\/\/pt.org.br\/tag\/tvt\/\" rel=\"noreferrer noopener\">TVT<\/a>, da fala do ex-presidente Lula sobre os vazamentos:<\/strong><\/p>\n\n\n\n<figure><iframe data-src=\"https:\/\/www.youtube.com\/embed\/qAZREt_xEes?feature=oembed&amp;modestbranding=1&amp;showinfo=0&amp;rel=0\" allowfullscreen=\"\" src=\"data:image\/svg+xml;base64,PHN2ZyB3aWR0aD0iMSIgaGVpZ2h0PSIxIiB4bWxucz0iaHR0cDovL3d3dy53My5vcmcvMjAwMC9zdmciPjwvc3ZnPg==\" class=\"lazyload\" data-load-mode=\"1\"><\/iframe><\/figure>\n\n\n\n<p>Por&nbsp;<strong><a target=\"_blank\" href=\"https:\/\/www.brasildefato.com.br\/2019\/10\/25\/lula-critica-cretinice-do-governo-na-questao-do-vazamento-de-oleo-no-nordeste\/\" rel=\"noreferrer noopener\">Brasil de Fato<\/a><\/strong><\/p>\n","protected":false},"excerpt":{"rendered":"<p>O ex-presidente Luiz In\u00e1cio&nbsp;Lula&nbsp;da Silva criticou a atua\u00e7\u00e3o do governo&nbsp;Jair Bolsonaro&nbsp;(PSL) diante do vazamento de&nbsp;petr\u00f3leo&nbsp;que desde o final de agosto atinge as praias do&nbsp;Nordeste.&nbsp;Lula&nbsp;falou ao&nbsp;Brasil&hellip; <\/p>\n","protected":false},"author":1,"featured_media":130396,"comment_status":"closed","ping_status":"closed","sticky":false,"template":"","format":"standard","meta":{"sfsi_plus_gutenberg_text_before_share":"","sfsi_plus_gutenberg_show_text_before_share":"","sfsi_plus_gutenberg_icon_type":"","sfsi_plus_gutenberg_icon_alignemt":"","sfsi_plus_gutenburg_max_per_row":"","footnotes":""},"categories":[11],"tags":[],"class_list":["post-130395","post","type-post","status-publish","format-standard","has-post-thumbnail","hentry","category-politica"],"_links":{"self":[{"href":"https:\/\/www.caririemacao.com\/1\/wp-json\/wp\/v2\/posts\/130395","targetHints":{"allow":["GET"]}}],"collection":[{"href":"https:\/\/www.caririemacao.com\/1\/wp-json\/wp\/v2\/posts"}],"about":[{"href":"https:\/\/www.caririemacao.com\/1\/wp-json\/wp\/v2\/types\/post"}],"author":[{"embeddable":true,"href":"https:\/\/www.caririemacao.com\/1\/wp-json\/wp\/v2\/users\/1"}],"replies":[{"embeddable":true,"href":"https:\/\/www.caririemacao.com\/1\/wp-json\/wp\/v2\/comments?post=130395"}],"version-history":[{"count":1,"href":"https:\/\/www.caririemacao.com\/1\/wp-json\/wp\/v2\/posts\/130395\/revisions"}],"predecessor-version":[{"id":130397,"href":"https:\/\/www.caririemacao.com\/1\/wp-json\/wp\/v2\/posts\/130395\/revisions\/130397"}],"wp:featuredmedia":[{"embeddable":true,"href":"https:\/\/www.caririemacao.com\/1\/wp-json\/wp\/v2\/media\/130396"}],"wp:attachment":[{"href":"https:\/\/www.caririemacao.com\/1\/wp-json\/wp\/v2\/media?parent=130395"}],"wp:term":[{"taxonomy":"category","embeddable":true,"href":"https:\/\/www.caririemacao.com\/1\/wp-json\/wp\/v2\/categories?post=130395"},{"taxonomy":"post_tag","embeddable":true,"href":"https:\/\/www.caririemacao.com\/1\/wp-json\/wp\/v2\/tags?post=130395"}],"curies":[{"name":"wp","href":"https:\/\/api.w.org\/{rel}","templated":true}]}}