{"id":130405,"date":"2019-10-27T08:28:30","date_gmt":"2019-10-27T11:28:30","guid":{"rendered":"http:\/\/www.caririemacao.com\/1\/?p=130405"},"modified":"2019-10-27T08:28:30","modified_gmt":"2019-10-27T11:28:30","slug":"deputado-estadual-publica-foto-com-filha-segurando-arma-nunca-sera-feminazi","status":"publish","type":"post","link":"https:\/\/www.caririemacao.com\/1\/2019\/10\/27\/deputado-estadual-publica-foto-com-filha-segurando-arma-nunca-sera-feminazi\/","title":{"rendered":"Deputado estadual publica foto com filha segurando arma: &#8220;nunca ser\u00e1 feminazi&#8221;"},"content":{"rendered":"\n<p>O deputado estadual Capit\u00e3o Assum\u00e7\u00e3o (PSL-ES) publicou uma foto de sua filha menor de idade, vestindo uniforme escolar, segurando uma arma de fogo em suas redes sociais. Na postagem, ele escreveu&nbsp;\u201cEnsinando \u00e0s nossas filhas o verdadeiro empoderamento.&nbsp;Nunca ser\u00e1 feminazi\u201d.<\/p>\n\n\n\n<figure class=\"wp-block-image\"><img decoding=\"async\" data-src=\"https:\/\/www.clickpb.com.br\/media\/filer_public\/67\/5d\/675d38ac-79bb-47e3-afaf-ba70089a227a\/20191026161028_cfcc756d5fff9007936126fe372781fac55b66d72eedaf7dbd8e679bcbffb2ab.jpeg\" alt=\"\" src=\"data:image\/svg+xml;base64,PHN2ZyB3aWR0aD0iMSIgaGVpZ2h0PSIxIiB4bWxucz0iaHR0cDovL3d3dy53My5vcmcvMjAwMC9zdmciPjwvc3ZnPg==\" class=\"lazyload\" \/><\/figure>\n\n\n\n<p>Internautas denunciaram a atitude. De acordo com o artigo 242 da lei n\u00ba 8.069, vender, fornecer ainda que gratuitamente ou entregar, arma, muni\u00e7\u00e3o ou explosivo a uma crian\u00e7a ou a um adolescente \u00e9 crime, como prev\u00ea o Estatuto da Crian\u00e7a e Adolescente (ECA). A pena \u00e9 de 3 a 6 anos de reclus\u00e3o.<br><\/p>\n\n\n\n<p>Horas depois, a publica\u00e7\u00e3o com a foto da crian\u00e7a foi apagado, mas o deputado voltou a comentar o assunto em uma nova publica\u00e7\u00e3o. \u201cVai ter crian\u00e7a empunhando arma sim!! Aprendam a respeitar as opini\u00f5es. Chega de marxismo cultural no Brasil\u201d, escreveu.<\/p>\n\n\n\n<p>O Sindicato dos Advogados do Esp\u00edrito Santo (Sindiadvogados) pediu a autoridades de Prote\u00e7\u00e3o e Defesa dos Direitos da Crian\u00e7a que tomem as medidas necess\u00e1rias.&nbsp;<\/p>\n\n\n\n<p>\u201cEmpoderamento nunca ter\u00e1 rela\u00e7\u00e3o com viol\u00eancia, tampouco com a exposi\u00e7\u00e3o e uso de armas de fogo por crian\u00e7as\u201d, diz a nota.<\/p>\n","protected":false},"excerpt":{"rendered":"<p>O deputado estadual Capit\u00e3o Assum\u00e7\u00e3o (PSL-ES) publicou uma foto de sua filha menor de idade, vestindo uniforme escolar, segurando uma arma de fogo em suas&hellip; <\/p>\n","protected":false},"author":1,"featured_media":130406,"comment_status":"closed","ping_status":"closed","sticky":false,"template":"","format":"standard","meta":{"sfsi_plus_gutenberg_text_before_share":"","sfsi_plus_gutenberg_show_text_before_share":"","sfsi_plus_gutenberg_icon_type":"","sfsi_plus_gutenberg_icon_alignemt":"","sfsi_plus_gutenburg_max_per_row":"","footnotes":""},"categories":[11],"tags":[],"class_list":["post-130405","post","type-post","status-publish","format-standard","has-post-thumbnail","hentry","category-politica"],"_links":{"self":[{"href":"https:\/\/www.caririemacao.com\/1\/wp-json\/wp\/v2\/posts\/130405","targetHints":{"allow":["GET"]}}],"collection":[{"href":"https:\/\/www.caririemacao.com\/1\/wp-json\/wp\/v2\/posts"}],"about":[{"href":"https:\/\/www.caririemacao.com\/1\/wp-json\/wp\/v2\/types\/post"}],"author":[{"embeddable":true,"href":"https:\/\/www.caririemacao.com\/1\/wp-json\/wp\/v2\/users\/1"}],"replies":[{"embeddable":true,"href":"https:\/\/www.caririemacao.com\/1\/wp-json\/wp\/v2\/comments?post=130405"}],"version-history":[{"count":1,"href":"https:\/\/www.caririemacao.com\/1\/wp-json\/wp\/v2\/posts\/130405\/revisions"}],"predecessor-version":[{"id":130407,"href":"https:\/\/www.caririemacao.com\/1\/wp-json\/wp\/v2\/posts\/130405\/revisions\/130407"}],"wp:featuredmedia":[{"embeddable":true,"href":"https:\/\/www.caririemacao.com\/1\/wp-json\/wp\/v2\/media\/130406"}],"wp:attachment":[{"href":"https:\/\/www.caririemacao.com\/1\/wp-json\/wp\/v2\/media?parent=130405"}],"wp:term":[{"taxonomy":"category","embeddable":true,"href":"https:\/\/www.caririemacao.com\/1\/wp-json\/wp\/v2\/categories?post=130405"},{"taxonomy":"post_tag","embeddable":true,"href":"https:\/\/www.caririemacao.com\/1\/wp-json\/wp\/v2\/tags?post=130405"}],"curies":[{"name":"wp","href":"https:\/\/api.w.org\/{rel}","templated":true}]}}