{"id":130413,"date":"2019-10-27T08:30:05","date_gmt":"2019-10-27T11:30:05","guid":{"rendered":"http:\/\/www.caririemacao.com\/1\/?p=130413"},"modified":"2019-10-27T08:30:05","modified_gmt":"2019-10-27T11:30:05","slug":"bolsonaro-se-diz-preocupado-com-america-latina-e-nao-comenta-eleicao-na-bolivia","status":"publish","type":"post","link":"https:\/\/www.caririemacao.com\/1\/2019\/10\/27\/bolsonaro-se-diz-preocupado-com-america-latina-e-nao-comenta-eleicao-na-bolivia\/","title":{"rendered":"Bolsonaro se diz preocupado com Am\u00e9rica Latina e n\u00e3o comenta elei\u00e7\u00e3o na Bol\u00edvia"},"content":{"rendered":"\n<p>(FOLHAPRESS) &#8211; Dizendo-se preocupado com a situa\u00e7\u00e3o pol\u00edtica da Am\u00e9rica Latina, o presidente Bolsonaro n\u00e3o comentou diretamente o n\u00e3o reconhecimento &#8220;no momento&#8221;, pelo Brasil, do resultado das elei\u00e7\u00f5es bolivianas, que deram vit\u00f3ria em primeiro turno a Evo Morales, que chega ao quarto mandato consecutivo.<\/p>\n\n\n\n<p>&#8220;A Am\u00e9rica Latina tem que estar est\u00e1vel. N\u00f3s nos preocupamos. Espero que o futuro presidente da Argentina esteja alinhado com os rumos do Mercosul, a abertura do mercado. Com as cl\u00e1usulas democr\u00e1ticas do Mercosul, coisa que a Venezuela n\u00e3o vinha fazendo. Nem era para ter entrado no Mercosul. A preocupa\u00e7\u00e3o existe, com o Chile. Estamos colaborando, na medida do poss\u00edvel, com a estabilidade democr\u00e1tica. O Brasil \u00e9 muito importante para a Am\u00e9rica do Sul&#8221;, disse Bolsonaro, ao deixar cerim\u00f4nia de entrega de flores em monumento aos m\u00e1rtires militares dos Emirados \u00c1rabes Unidos, onde chegou neste s\u00e1bado.<\/p>\n\n\n\n<p>A contagem de votos do pleito presidencial boliviano foi questionada pela OEA (Organiza\u00e7\u00e3o de Estados Americanos) e por Brasil, Estados Unidos, Col\u00f4mbia e Argentina, a Uni\u00e3o Europeia.<\/p>\n\n\n\n<p>Segundo postagem do Itamaraty em rede social na noite desta sexta (25) &#8220;o Brasil n\u00e3o reconhecer\u00e1, neste momento, qualquer an\u00fancio de resultado final&#8221;.<\/p>\n\n\n\n<p>Na China, etapa anterior da viagem presidencial, Bolsonaro colocou o processo eleitoral boliviano em d\u00favida, mas foi comedido nas declara\u00e7\u00f5es.<\/p>\n\n\n\n<p>O presidente brasileiro tem demonstrado pragmatismo durante sua viagem \u00e0 \u00c1sia, priorizando acordos econ\u00f4micos. Com a Bol\u00edvia, o Brasil mant\u00e9m conversas para a venda de avi\u00f5es.<\/p>\n\n\n\n<p>Al\u00e9m disso, parte da ind\u00fastria nacional depende do g\u00e1s importado do pa\u00eds vizinho.<\/p>\n\n\n\n<p>Em 2018, as exporta\u00e7\u00f5es brasileiras para a Bol\u00edvia aumentaram em 3,2%, de US$ 1,5 bilh\u00e3o para US$ 1,6 bilh\u00e3o, enquanto as importa\u00e7\u00f5es cresceram em 18%, de US$ 1,4 bilh\u00e3o para US$ 1,7 bilh\u00e3o em rela\u00e7\u00e3o a 2017.<\/p>\n\n\n\n<p>O presidente tamb\u00e9m tem se manifestado, durante a viagem, sobre os outros pa\u00edses citados em sua resposta deste s\u00e1bado. No Jap\u00e3o, aventou a possibilidade de a Argentina ser suspensa do bloco caso a oposi\u00e7\u00e3o ven\u00e7a a elei\u00e7\u00e3o presidencial no pa\u00eds e se oponha \u00e0 abertura pregada pelo Brasil.<\/p>\n\n\n\n<p>Sobre a crise no Chile, em que protestos levam milhares \u00e0s ruas a mais de uma semana, o presidente culpou na segunda-feira (21) a esquerda da Am\u00e9rica do Sul.<br>Segundo ele, o problema no pa\u00eds vizinho come\u00e7ou com o fim da ditadura de Augusto Pinochet, nos anos de 1990, e com a ascens\u00e3o ao poder de pol\u00edticos de esquerda.<\/p>\n\n\n\n<p>O presidente afirmou tamb\u00e9m no come\u00e7a da semana que h\u00e1 um movimento unificado de partidos de esquerda para desestabilizar os governos de Peru, Equador e Chile.<\/p>\n\n\n\n<p>A visita aos Emirados \u00c1rabes Unidos \u00e9 a terceira etapa de viagem presidencial que come\u00e7ou pelo Jap\u00e3o, continuou pela China e deve ainda passar pelo Catar e pela Ar\u00e1bia Saudita.<\/p>\n\n\n\n<p>Nos pa\u00edses \u00e1rabes, o foco deve ser atrair investimentos para as rodadas de privatiza\u00e7\u00e3o e obras de infraestrutura.<\/p>\n","protected":false},"excerpt":{"rendered":"<p>(FOLHAPRESS) &#8211; Dizendo-se preocupado com a situa\u00e7\u00e3o pol\u00edtica da Am\u00e9rica Latina, o presidente Bolsonaro n\u00e3o comentou diretamente o n\u00e3o reconhecimento &#8220;no momento&#8221;, pelo Brasil, do&hellip; <\/p>\n","protected":false},"author":1,"featured_media":129288,"comment_status":"closed","ping_status":"closed","sticky":false,"template":"","format":"standard","meta":{"sfsi_plus_gutenberg_text_before_share":"","sfsi_plus_gutenberg_show_text_before_share":"","sfsi_plus_gutenberg_icon_type":"","sfsi_plus_gutenberg_icon_alignemt":"","sfsi_plus_gutenburg_max_per_row":"","footnotes":""},"categories":[11],"tags":[],"class_list":["post-130413","post","type-post","status-publish","format-standard","has-post-thumbnail","hentry","category-politica"],"_links":{"self":[{"href":"https:\/\/www.caririemacao.com\/1\/wp-json\/wp\/v2\/posts\/130413","targetHints":{"allow":["GET"]}}],"collection":[{"href":"https:\/\/www.caririemacao.com\/1\/wp-json\/wp\/v2\/posts"}],"about":[{"href":"https:\/\/www.caririemacao.com\/1\/wp-json\/wp\/v2\/types\/post"}],"author":[{"embeddable":true,"href":"https:\/\/www.caririemacao.com\/1\/wp-json\/wp\/v2\/users\/1"}],"replies":[{"embeddable":true,"href":"https:\/\/www.caririemacao.com\/1\/wp-json\/wp\/v2\/comments?post=130413"}],"version-history":[{"count":1,"href":"https:\/\/www.caririemacao.com\/1\/wp-json\/wp\/v2\/posts\/130413\/revisions"}],"predecessor-version":[{"id":130414,"href":"https:\/\/www.caririemacao.com\/1\/wp-json\/wp\/v2\/posts\/130413\/revisions\/130414"}],"wp:featuredmedia":[{"embeddable":true,"href":"https:\/\/www.caririemacao.com\/1\/wp-json\/wp\/v2\/media\/129288"}],"wp:attachment":[{"href":"https:\/\/www.caririemacao.com\/1\/wp-json\/wp\/v2\/media?parent=130413"}],"wp:term":[{"taxonomy":"category","embeddable":true,"href":"https:\/\/www.caririemacao.com\/1\/wp-json\/wp\/v2\/categories?post=130413"},{"taxonomy":"post_tag","embeddable":true,"href":"https:\/\/www.caririemacao.com\/1\/wp-json\/wp\/v2\/tags?post=130413"}],"curies":[{"name":"wp","href":"https:\/\/api.w.org\/{rel}","templated":true}]}}