{"id":130416,"date":"2019-10-27T08:32:26","date_gmt":"2019-10-27T11:32:26","guid":{"rendered":"http:\/\/www.caririemacao.com\/1\/?p=130416"},"modified":"2019-10-27T08:32:26","modified_gmt":"2019-10-27T11:32:26","slug":"brasil-goleia-o-canada-na-abertura-da-copa-do-mundo-sub-17","status":"publish","type":"post","link":"https:\/\/www.caririemacao.com\/1\/2019\/10\/27\/brasil-goleia-o-canada-na-abertura-da-copa-do-mundo-sub-17\/","title":{"rendered":"Brasil goleia o Canad\u00e1 na abertura da Copa do Mundo Sub-17"},"content":{"rendered":"\n<p>(UOL\/FOLHAPRESS) &#8211; O Brasil estreou com vit\u00f3ria, neste s\u00e1bado (26), contra a sele\u00e7\u00e3o do Canad\u00e1, com o placar de 4 a 1, na abertura da Copa do Mundo Sub-17, no est\u00e1dio Bezerr\u00e3o, no Distrito Federal. A goleada brasileira contou com dois gols de Jo\u00e3o Peglow, um de Gabriel Veron e outro contra.<\/p>\n\n\n\n<p>Aos 16 minutos do primeiro tempo, a sele\u00e7\u00e3o brasileira abriu o placar com Jo\u00e3o Peglow. Depois de tabelar com Yan Couto, Gabriel Veron seguiu em jogada individual pela direita e tocou para o camisa 10, na entrada da \u00e1rea, bater para o fundo do gol.<\/p>\n\n\n\n<p>O segundo gol veio aos 44 minutos. Ap\u00f3s cruzamento de Kaio Jorge, a bola bateu no peito do zagueiro canadense Demian e entrou contra o pr\u00f3prio gol.<\/p>\n\n\n\n<p>Logo no primeiro minuto do segundo tempo, a sele\u00e7\u00e3o brasileira ampliou a vantagem, novamente pelos p\u00e9s de Peglow. Gabriel Veron tamb\u00e9m fez o seu, aos 10 minutos, ap\u00f3s a bola sobrar na \u00e1rea.<\/p>\n\n\n\n<p>O gol da sele\u00e7\u00e3o canadense veio j\u00e1 no final da partida, aos 40 minutos, pelos p\u00e9s de Russell-Rowe.<\/p>\n\n\n\n<p>O pr\u00f3ximo desafio do Brasil ser\u00e1 na ter\u00e7a-feira (29) contra a sele\u00e7\u00e3o da Nova Zel\u00e2ndia. Na sexta (1\u00ba), pega Angola para fechar a primeira fase do grupo A. A competi\u00e7\u00e3o vai at\u00e9 o dia 17 de novembro.<\/p>\n","protected":false},"excerpt":{"rendered":"<p>(UOL\/FOLHAPRESS) &#8211; O Brasil estreou com vit\u00f3ria, neste s\u00e1bado (26), contra a sele\u00e7\u00e3o do Canad\u00e1, com o placar de 4 a 1, na abertura da&hellip; <\/p>\n","protected":false},"author":1,"featured_media":103446,"comment_status":"closed","ping_status":"closed","sticky":false,"template":"","format":"standard","meta":{"sfsi_plus_gutenberg_text_before_share":"","sfsi_plus_gutenberg_show_text_before_share":"","sfsi_plus_gutenberg_icon_type":"","sfsi_plus_gutenberg_icon_alignemt":"","sfsi_plus_gutenburg_max_per_row":"","footnotes":""},"categories":[13],"tags":[],"class_list":["post-130416","post","type-post","status-publish","format-standard","has-post-thumbnail","hentry","category-esportes"],"_links":{"self":[{"href":"https:\/\/www.caririemacao.com\/1\/wp-json\/wp\/v2\/posts\/130416","targetHints":{"allow":["GET"]}}],"collection":[{"href":"https:\/\/www.caririemacao.com\/1\/wp-json\/wp\/v2\/posts"}],"about":[{"href":"https:\/\/www.caririemacao.com\/1\/wp-json\/wp\/v2\/types\/post"}],"author":[{"embeddable":true,"href":"https:\/\/www.caririemacao.com\/1\/wp-json\/wp\/v2\/users\/1"}],"replies":[{"embeddable":true,"href":"https:\/\/www.caririemacao.com\/1\/wp-json\/wp\/v2\/comments?post=130416"}],"version-history":[{"count":1,"href":"https:\/\/www.caririemacao.com\/1\/wp-json\/wp\/v2\/posts\/130416\/revisions"}],"predecessor-version":[{"id":130417,"href":"https:\/\/www.caririemacao.com\/1\/wp-json\/wp\/v2\/posts\/130416\/revisions\/130417"}],"wp:featuredmedia":[{"embeddable":true,"href":"https:\/\/www.caririemacao.com\/1\/wp-json\/wp\/v2\/media\/103446"}],"wp:attachment":[{"href":"https:\/\/www.caririemacao.com\/1\/wp-json\/wp\/v2\/media?parent=130416"}],"wp:term":[{"taxonomy":"category","embeddable":true,"href":"https:\/\/www.caririemacao.com\/1\/wp-json\/wp\/v2\/categories?post=130416"},{"taxonomy":"post_tag","embeddable":true,"href":"https:\/\/www.caririemacao.com\/1\/wp-json\/wp\/v2\/tags?post=130416"}],"curies":[{"name":"wp","href":"https:\/\/api.w.org\/{rel}","templated":true}]}}