{"id":130419,"date":"2019-10-27T08:33:25","date_gmt":"2019-10-27T11:33:25","guid":{"rendered":"http:\/\/www.caririemacao.com\/1\/?p=130419"},"modified":"2019-10-27T08:33:25","modified_gmt":"2019-10-27T11:33:25","slug":"pequenos-negocios-geram-mais-de-15-mil-novas-vagas-na-paraiba","status":"publish","type":"post","link":"https:\/\/www.caririemacao.com\/1\/2019\/10\/27\/pequenos-negocios-geram-mais-de-15-mil-novas-vagas-na-paraiba\/","title":{"rendered":"Pequenos neg\u00f3cios geram mais de 1,5 mil novas vagas na Para\u00edba"},"content":{"rendered":"\n<p>Em um cen\u00e1rio ainda marcado por altos \u00edndices de desemprego no pa\u00eds, os pequenos neg\u00f3cios seguem mostrando a sua for\u00e7a e import\u00e2ncia para o reaquecimento do mercado de trabalho e da economia como um todo. \u00c9 o que indica levantamento realizado pelo Sebrae, a partir de dados do Cadastro Geral de Empregados e Desempregados (Caged). De acordo com os n\u00fameros, os pequenos neg\u00f3cios da Para\u00edba geraram no m\u00eas de setembro 1.551 novos postos de trabalho.<\/p>\n\n\n\n<p>\u201cSetembro historicamente \u00e9 um m\u00eas j\u00e1 de prepara\u00e7\u00e3o e refor\u00e7o das equipes para as atividades do \u00faltimo trimestre do ano. Al\u00e9m disso, com a proximidade do ver\u00e3o, os diversos setores j\u00e1 d\u00e3o seus primeiros passos no planejamento para o per\u00edodo, o que tamb\u00e9m se reflete nos estoques de empregos\u201d, pontuou o analista do Sebrae Para\u00edba, Ismael N\u00f3brega.<\/p>\n\n\n\n<p>Assim como a Para\u00edba, a regi\u00e3o Nordeste como um todo tamb\u00e9m encerrou o m\u00eas de setembro com um saldo positivo de 23.364 empregos gerados pelas micro e pequenas empresas (MPE). J\u00e1 os n\u00fameros nacionais apontam que os pequenos neg\u00f3cios criaram 119 mil postos de trabalho com carteira assinada no pa\u00eds, que representam 75,7% das 157.213 vagas geradas durante o m\u00eas, que registrou o maior saldo para setembro desde o ano de 2013.<\/p>\n\n\n\n<p>Ainda conforme o levantamento do Sebrae, os setores que mais geraram novas vagas de trabalho entre os pequenos neg\u00f3cios do pa\u00eds no m\u00eas de setembro foram o de servi\u00e7os (52.955), com\u00e9rcio (28.934), ind\u00fastria de transforma\u00e7\u00e3o (18.346) e constru\u00e7\u00e3o (17.676). Tamb\u00e9m foram criados novos empregos nos segmentos de agropecu\u00e1ria (435), ind\u00fastria extrativa mineral (382) e servi\u00e7os industriais de utilidade p\u00fablica (289).<\/p>\n\n\n\n<p>\u201cO setor de servi\u00e7os segue firme como o que gera o maior estoque de empregos. Esse fato refor\u00e7a a tend\u00eancia de queda no consumismo, e n\u00e3o no consumo. Setores ligados \u00e0 manuten\u00e7\u00e3o, reparos e consertos acompanham essa tend\u00eancia. Al\u00e9m disso, a busca por cuidados com a sa\u00fade, bem-estar e por um estilo de vida saud\u00e1vel tamb\u00e9m contribui para o aumento do emprego neste setor\u201d, acrescentou Ismael N\u00f3brega.<\/p>\n\n\n\n<p><strong>MaisPB<\/strong><\/p>\n","protected":false},"excerpt":{"rendered":"<p>Em um cen\u00e1rio ainda marcado por altos \u00edndices de desemprego no pa\u00eds, os pequenos neg\u00f3cios seguem mostrando a sua for\u00e7a e import\u00e2ncia para o reaquecimento&hellip; <\/p>\n","protected":false},"author":1,"featured_media":126233,"comment_status":"closed","ping_status":"closed","sticky":false,"template":"","format":"standard","meta":{"sfsi_plus_gutenberg_text_before_share":"","sfsi_plus_gutenberg_show_text_before_share":"","sfsi_plus_gutenberg_icon_type":"","sfsi_plus_gutenberg_icon_alignemt":"","sfsi_plus_gutenburg_max_per_row":"","footnotes":""},"categories":[50,2],"tags":[],"class_list":["post-130419","post","type-post","status-publish","format-standard","has-post-thumbnail","hentry","category-destaque","category-geral"],"_links":{"self":[{"href":"https:\/\/www.caririemacao.com\/1\/wp-json\/wp\/v2\/posts\/130419","targetHints":{"allow":["GET"]}}],"collection":[{"href":"https:\/\/www.caririemacao.com\/1\/wp-json\/wp\/v2\/posts"}],"about":[{"href":"https:\/\/www.caririemacao.com\/1\/wp-json\/wp\/v2\/types\/post"}],"author":[{"embeddable":true,"href":"https:\/\/www.caririemacao.com\/1\/wp-json\/wp\/v2\/users\/1"}],"replies":[{"embeddable":true,"href":"https:\/\/www.caririemacao.com\/1\/wp-json\/wp\/v2\/comments?post=130419"}],"version-history":[{"count":1,"href":"https:\/\/www.caririemacao.com\/1\/wp-json\/wp\/v2\/posts\/130419\/revisions"}],"predecessor-version":[{"id":130420,"href":"https:\/\/www.caririemacao.com\/1\/wp-json\/wp\/v2\/posts\/130419\/revisions\/130420"}],"wp:featuredmedia":[{"embeddable":true,"href":"https:\/\/www.caririemacao.com\/1\/wp-json\/wp\/v2\/media\/126233"}],"wp:attachment":[{"href":"https:\/\/www.caririemacao.com\/1\/wp-json\/wp\/v2\/media?parent=130419"}],"wp:term":[{"taxonomy":"category","embeddable":true,"href":"https:\/\/www.caririemacao.com\/1\/wp-json\/wp\/v2\/categories?post=130419"},{"taxonomy":"post_tag","embeddable":true,"href":"https:\/\/www.caririemacao.com\/1\/wp-json\/wp\/v2\/tags?post=130419"}],"curies":[{"name":"wp","href":"https:\/\/api.w.org\/{rel}","templated":true}]}}