{"id":130422,"date":"2019-10-27T08:35:30","date_gmt":"2019-10-27T11:35:30","guid":{"rendered":"http:\/\/www.caririemacao.com\/1\/?p=130422"},"modified":"2019-10-27T08:35:30","modified_gmt":"2019-10-27T11:35:30","slug":"deputado-ricardo-barbosa-cria-lei-que-coloca-expoprata-no-calendario-oficial-de-eventos-do-estado","status":"publish","type":"post","link":"https:\/\/www.caririemacao.com\/1\/2019\/10\/27\/deputado-ricardo-barbosa-cria-lei-que-coloca-expoprata-no-calendario-oficial-de-eventos-do-estado\/","title":{"rendered":"Deputado Ricardo Barbosa cria lei que coloca EXPOPRATA no calend\u00e1rio oficial de eventos do estado"},"content":{"rendered":"\n<p>O Deputado Estadual Ricardo Barbosa(PSB\/PB), criou uma importante lei, que\u00a0\u00a0Lei que coloca oficialmente, a EXPOPRATA dentro do calend\u00e1rio oficial de eventos do estado da Para\u00edba, e apresentou na Assembleia Legislativa para ser votada.<br>A Lei n\u00ba 11.475 de 25 de outubro de 2019 de autoria do Deputado Estadual Ricardo Barbosa (PSB\/PB), inclui no Calend\u00e1rio Oficial de Eventos do Estado da Para\u00edba a EXPOPRATA- Exposi\u00e7\u00f5es de Caprinos e Ouvinos do Munic\u00edpio de Prata.<br>De acordo com o texto, fica inclu\u00edda no Calend\u00e1rio Tur\u00edstico\u00a0\u00a0do Estado da Para\u00edba, a EXPOPRATA- Exposi\u00e7\u00e3o de Caprinos e Ouvinos de Prata, a ser realizada, anualmente, na pen\u00faltima semana do m\u00eas de Agosto, no munic\u00edpio de Prata, neste Estado.<br><strong>Com Texeirinha<\/strong><\/p>\n","protected":false},"excerpt":{"rendered":"<p>O Deputado Estadual Ricardo Barbosa(PSB\/PB), criou uma importante lei, que\u00a0\u00a0Lei que coloca oficialmente, a EXPOPRATA dentro do calend\u00e1rio oficial de eventos do estado da Para\u00edba,&hellip; <\/p>\n","protected":false},"author":1,"featured_media":130423,"comment_status":"closed","ping_status":"closed","sticky":false,"template":"","format":"standard","meta":{"sfsi_plus_gutenberg_text_before_share":"","sfsi_plus_gutenberg_show_text_before_share":"","sfsi_plus_gutenberg_icon_type":"","sfsi_plus_gutenberg_icon_alignemt":"","sfsi_plus_gutenburg_max_per_row":"","footnotes":""},"categories":[6],"tags":[],"class_list":["post-130422","post","type-post","status-publish","format-standard","has-post-thumbnail","hentry","category-cidades"],"_links":{"self":[{"href":"https:\/\/www.caririemacao.com\/1\/wp-json\/wp\/v2\/posts\/130422","targetHints":{"allow":["GET"]}}],"collection":[{"href":"https:\/\/www.caririemacao.com\/1\/wp-json\/wp\/v2\/posts"}],"about":[{"href":"https:\/\/www.caririemacao.com\/1\/wp-json\/wp\/v2\/types\/post"}],"author":[{"embeddable":true,"href":"https:\/\/www.caririemacao.com\/1\/wp-json\/wp\/v2\/users\/1"}],"replies":[{"embeddable":true,"href":"https:\/\/www.caririemacao.com\/1\/wp-json\/wp\/v2\/comments?post=130422"}],"version-history":[{"count":1,"href":"https:\/\/www.caririemacao.com\/1\/wp-json\/wp\/v2\/posts\/130422\/revisions"}],"predecessor-version":[{"id":130424,"href":"https:\/\/www.caririemacao.com\/1\/wp-json\/wp\/v2\/posts\/130422\/revisions\/130424"}],"wp:featuredmedia":[{"embeddable":true,"href":"https:\/\/www.caririemacao.com\/1\/wp-json\/wp\/v2\/media\/130423"}],"wp:attachment":[{"href":"https:\/\/www.caririemacao.com\/1\/wp-json\/wp\/v2\/media?parent=130422"}],"wp:term":[{"taxonomy":"category","embeddable":true,"href":"https:\/\/www.caririemacao.com\/1\/wp-json\/wp\/v2\/categories?post=130422"},{"taxonomy":"post_tag","embeddable":true,"href":"https:\/\/www.caririemacao.com\/1\/wp-json\/wp\/v2\/tags?post=130422"}],"curies":[{"name":"wp","href":"https:\/\/api.w.org\/{rel}","templated":true}]}}