{"id":130426,"date":"2019-10-27T08:36:43","date_gmt":"2019-10-27T11:36:43","guid":{"rendered":"http:\/\/www.caririemacao.com\/1\/?p=130426"},"modified":"2019-10-27T08:36:43","modified_gmt":"2019-10-27T11:36:43","slug":"prefeitura-de-sao-sebastiao-do-umbuzeiro-em-parceria-com-o-nupeforp-cdsa-realizam-encontro-de-formacao-da-educacao-infantil","status":"publish","type":"post","link":"https:\/\/www.caririemacao.com\/1\/2019\/10\/27\/prefeitura-de-sao-sebastiao-do-umbuzeiro-em-parceria-com-o-nupeforp-cdsa-realizam-encontro-de-formacao-da-educacao-infantil\/","title":{"rendered":"Prefeitura de S\u00e3o Sebasti\u00e3o do Umbuzeiro em parceria com o Nupeforp\/CDSA realizam Encontro de Forma\u00e7\u00e3o da Educa\u00e7\u00e3o Infantil"},"content":{"rendered":"\n<p>A prefeitura de S\u00e3o Sebasti\u00e3o do Umbuzeiro, atrav\u00e9s da Secretaria Municipal de Educa\u00e7\u00e3o em parcerias com Nupeforp\/CDSA, da UAED, UAEI e UFCG, realizou durante todo o dia deste s\u00e1bado (26), no audit\u00f3rio da EMEIF Pedro Pedrosa Amador, o Terceiro Encontro de Forma\u00e7\u00e3o de Professores\/as e Pr\u00e1ticas Pedag\u00f3gicas do Polo 03 da Educa\u00e7\u00e3o Infantil.<br>Participaram do evento, que teve como Tema: \u201cCampos de Experi\u00eancia: O eu, o outro e o n\u00f3s: Corpo, Gestos e Movimentos\u201d, os munic\u00edpios de Monteiro, Ouro Velho, S\u00e3o Sebasti\u00e3o do Umbuzeiro e Zabel\u00ea,<br>As mediadoras do encontro foram Janice Anacleto Pereira dos Reis (P\u00f3s-Gradua\u00e7\u00e3o\/UFCG), K\u00e1tia Patr\u00edcio Benevides Campos (UAED\/UFCG), Rayffi Gumercindo Pereira de Sousa, (UAEI\/UFCG) e Francisca Nunes (UAEI\/UFCG).<br>O prefeito Adriano Wolff, deu as boas-vindas a todos os participantes, dizendo que o infantil, \u00e9 a base da educa\u00e7\u00e3o de nossos filhos, e os professores, s\u00e3o important\u00edssimo para essa Educa\u00e7\u00e3o.<br>\u201dConvido todos voc\u00eas para voltar aqui no munic\u00edpio em um outro momento informal. Antecipadamente convido para conhecerem a Festa de Janeiro de 2020. No dia 15 de novembro, iremos realizar uma Festa para divulgar as atra\u00e7\u00f5es, estejam todos convidados e sejam bem vindo a nossa cidade\u201d,\u00a0\u00a0finalizou o prefeito.<br>Com BLOG DO DIDI<br><\/p>\n","protected":false},"excerpt":{"rendered":"<p>A prefeitura de S\u00e3o Sebasti\u00e3o do Umbuzeiro, atrav\u00e9s da Secretaria Municipal de Educa\u00e7\u00e3o em parcerias com Nupeforp\/CDSA, da UAED, UAEI e UFCG, realizou durante todo&hellip; <\/p>\n","protected":false},"author":1,"featured_media":130427,"comment_status":"closed","ping_status":"closed","sticky":false,"template":"","format":"standard","meta":{"sfsi_plus_gutenberg_text_before_share":"","sfsi_plus_gutenberg_show_text_before_share":"","sfsi_plus_gutenberg_icon_type":"","sfsi_plus_gutenberg_icon_alignemt":"","sfsi_plus_gutenburg_max_per_row":"","footnotes":""},"categories":[14],"tags":[],"class_list":["post-130426","post","type-post","status-publish","format-standard","has-post-thumbnail","hentry","category-educacao"],"_links":{"self":[{"href":"https:\/\/www.caririemacao.com\/1\/wp-json\/wp\/v2\/posts\/130426","targetHints":{"allow":["GET"]}}],"collection":[{"href":"https:\/\/www.caririemacao.com\/1\/wp-json\/wp\/v2\/posts"}],"about":[{"href":"https:\/\/www.caririemacao.com\/1\/wp-json\/wp\/v2\/types\/post"}],"author":[{"embeddable":true,"href":"https:\/\/www.caririemacao.com\/1\/wp-json\/wp\/v2\/users\/1"}],"replies":[{"embeddable":true,"href":"https:\/\/www.caririemacao.com\/1\/wp-json\/wp\/v2\/comments?post=130426"}],"version-history":[{"count":1,"href":"https:\/\/www.caririemacao.com\/1\/wp-json\/wp\/v2\/posts\/130426\/revisions"}],"predecessor-version":[{"id":130428,"href":"https:\/\/www.caririemacao.com\/1\/wp-json\/wp\/v2\/posts\/130426\/revisions\/130428"}],"wp:featuredmedia":[{"embeddable":true,"href":"https:\/\/www.caririemacao.com\/1\/wp-json\/wp\/v2\/media\/130427"}],"wp:attachment":[{"href":"https:\/\/www.caririemacao.com\/1\/wp-json\/wp\/v2\/media?parent=130426"}],"wp:term":[{"taxonomy":"category","embeddable":true,"href":"https:\/\/www.caririemacao.com\/1\/wp-json\/wp\/v2\/categories?post=130426"},{"taxonomy":"post_tag","embeddable":true,"href":"https:\/\/www.caririemacao.com\/1\/wp-json\/wp\/v2\/tags?post=130426"}],"curies":[{"name":"wp","href":"https:\/\/api.w.org\/{rel}","templated":true}]}}