{"id":130436,"date":"2019-10-28T06:12:45","date_gmt":"2019-10-28T09:12:45","guid":{"rendered":"http:\/\/www.caririemacao.com\/1\/?p=130436"},"modified":"2019-10-28T06:12:45","modified_gmt":"2019-10-28T09:12:45","slug":"hoje-cariri-em-acao-realiza-pesquisa-na-cidade-de-sertania-nesta-segunda-feira","status":"publish","type":"post","link":"https:\/\/www.caririemacao.com\/1\/2019\/10\/28\/hoje-cariri-em-acao-realiza-pesquisa-na-cidade-de-sertania-nesta-segunda-feira\/","title":{"rendered":"HOJE: Cariri em A\u00e7\u00e3o realiza pesquisa na cidade de Sert\u00e2nia nesta segunda-feira"},"content":{"rendered":"\n<p>O reconhecimento \u00e9 algo importante, valoriza o esfor\u00e7o de quem faz no dia-a-dia. E para incentivar este reconhecimento, o portal de not\u00edcias Cariri em A\u00e7\u00e3o iniciou desde o \u00faltimo dia 19, mais uma edi\u00e7\u00e3o do Pr\u00eamio Refer\u00eancia.<\/p>\n\n\n\n<figure class=\"wp-block-image\"><img fetchpriority=\"high\" decoding=\"async\" width=\"1024\" height=\"682\" src=\"http:\/\/www.caririemacao.com\/1\/wp-content\/uploads\/2019\/10\/DSC_0069-1024x682.jpg\" alt=\"\" class=\"wp-image-130439\" srcset=\"https:\/\/www.caririemacao.com\/1\/wp-content\/uploads\/2019\/10\/DSC_0069-1024x682.jpg 1024w, https:\/\/www.caririemacao.com\/1\/wp-content\/uploads\/2019\/10\/DSC_0069-300x200.jpg 300w, https:\/\/www.caririemacao.com\/1\/wp-content\/uploads\/2019\/10\/DSC_0069-768x512.jpg 768w, https:\/\/www.caririemacao.com\/1\/wp-content\/uploads\/2019\/10\/DSC_0069.jpg 1280w\" sizes=\"(max-width: 1024px) 100vw, 1024px\" \/><\/figure>\n\n\n\n<p>Na primeira etapa, os pesquisadores est\u00e3o visitando 25\ncidades da regi\u00e3o, 21 paraibanas e 4 pernambucanas, aplicando question\u00e1rios\ndiretamente nas cidades, realizando perguntas espont\u00e2neas e estimuladas.<\/p>\n\n\n\n<p>A equipe de pesquisadores do Cariri em A\u00e7\u00e3o estar\u00e1 nesta segunda-feira,\ndia 28, na cidade de Sert\u00e2nia realizando pesquisas para saber quais s\u00e3o as\nrefer\u00eancia destas cidades.<\/p>\n\n\n\n<p>No total, j\u00e1 foram pesquisadas 15 cidades (Camala\u00fa, Coxixola,\nGurj\u00e3o, Livramento, Parari, Santo Andr\u00e9, S\u00e3o Jo\u00e3o do Cariri, S\u00e3o Jo\u00e3o do Tigre,\nS\u00e3o Jos\u00e9 dos Cordeiros, S\u00e3o Sebasti\u00e3o do Umbuzeiro, Serra Branca, Ouro Velho,\nPrata, Tuparetama e S\u00e3o Jos\u00e9 do Egito), restando as cidades de Amparo (em\nandamento), Cara\u00fabas, Monteiro (em andamento), Sum\u00e9 (em andamento), Sert\u00e2nia, Jata\u00faba,\nZabel\u00ea, Congo, S\u00e3o Domingos do Cariri e Cabaceiras, estas duas \u00faltimas, ser\u00e3o pesquisadas\npela primeira vez.<\/p>\n\n\n\n<p>Para o diretor do Cariri em A\u00e7\u00e3o, Marivaldo Alc\u00e2ntara, o\nPr\u00eamio Refer\u00eancia 2019 j\u00e1 est\u00e1 em sua s\u00e9tima edi\u00e7\u00e3o e \u00e9 mais que um pr\u00eamio, \u00e9\num incentivo as refer\u00eancias da regi\u00e3o.<\/p>\n\n\n\n<p>Ele lembrou que os resultados das pesquisas sair\u00e3o dia 08 de novembro e ser\u00e3o divulgados no site Cariri em A\u00e7\u00e3o (www.caririemacao.com), na p\u00e1gina do Facebook.com\/caririemacao e no instagram (cariri_em_acao).<\/p>\n\n\n\n<p>A cerim\u00f4nia de Premia\u00e7\u00e3o acontece dia 07 de dezembro na cidade de Monteiro\/PB.<\/p>\n","protected":false},"excerpt":{"rendered":"<p>O reconhecimento \u00e9 algo importante, valoriza o esfor\u00e7o de quem faz no dia-a-dia. E para incentivar este reconhecimento, o portal de not\u00edcias Cariri em A\u00e7\u00e3o&hellip; <\/p>\n","protected":false},"author":2,"featured_media":130438,"comment_status":"closed","ping_status":"closed","sticky":false,"template":"","format":"standard","meta":{"sfsi_plus_gutenberg_text_before_share":"","sfsi_plus_gutenberg_show_text_before_share":"","sfsi_plus_gutenberg_icon_type":"","sfsi_plus_gutenberg_icon_alignemt":"","sfsi_plus_gutenburg_max_per_row":"","footnotes":""},"categories":[50,2],"tags":[],"class_list":["post-130436","post","type-post","status-publish","format-standard","has-post-thumbnail","hentry","category-destaque","category-geral"],"_links":{"self":[{"href":"https:\/\/www.caririemacao.com\/1\/wp-json\/wp\/v2\/posts\/130436","targetHints":{"allow":["GET"]}}],"collection":[{"href":"https:\/\/www.caririemacao.com\/1\/wp-json\/wp\/v2\/posts"}],"about":[{"href":"https:\/\/www.caririemacao.com\/1\/wp-json\/wp\/v2\/types\/post"}],"author":[{"embeddable":true,"href":"https:\/\/www.caririemacao.com\/1\/wp-json\/wp\/v2\/users\/2"}],"replies":[{"embeddable":true,"href":"https:\/\/www.caririemacao.com\/1\/wp-json\/wp\/v2\/comments?post=130436"}],"version-history":[{"count":1,"href":"https:\/\/www.caririemacao.com\/1\/wp-json\/wp\/v2\/posts\/130436\/revisions"}],"predecessor-version":[{"id":130440,"href":"https:\/\/www.caririemacao.com\/1\/wp-json\/wp\/v2\/posts\/130436\/revisions\/130440"}],"wp:featuredmedia":[{"embeddable":true,"href":"https:\/\/www.caririemacao.com\/1\/wp-json\/wp\/v2\/media\/130438"}],"wp:attachment":[{"href":"https:\/\/www.caririemacao.com\/1\/wp-json\/wp\/v2\/media?parent=130436"}],"wp:term":[{"taxonomy":"category","embeddable":true,"href":"https:\/\/www.caririemacao.com\/1\/wp-json\/wp\/v2\/categories?post=130436"},{"taxonomy":"post_tag","embeddable":true,"href":"https:\/\/www.caririemacao.com\/1\/wp-json\/wp\/v2\/tags?post=130436"}],"curies":[{"name":"wp","href":"https:\/\/api.w.org\/{rel}","templated":true}]}}