{"id":130441,"date":"2019-10-28T07:27:14","date_gmt":"2019-10-28T10:27:14","guid":{"rendered":"http:\/\/www.caririemacao.com\/1\/?p=130441"},"modified":"2019-10-28T07:27:14","modified_gmt":"2019-10-28T10:27:14","slug":"colisao-entre-duas-motos-deixa-dois-jovens-feridos-em-cidade-do-cariri","status":"publish","type":"post","link":"https:\/\/www.caririemacao.com\/1\/2019\/10\/28\/colisao-entre-duas-motos-deixa-dois-jovens-feridos-em-cidade-do-cariri\/","title":{"rendered":"Colis\u00e3o entre duas motos deixa dois jovens feridos em cidade do Cariri"},"content":{"rendered":"\n<p>Um colis\u00e3o entre duas motos foi registrada na madrugada deste domingo(27) em uma estrada no S\u00edtio Ipueiras, zona rural de Cabaceiras, Cariri da Para\u00edba, deixando o saldo de dois jovens feridos.<\/p>\n\n\n\n<p>A colis\u00e3o aconteceu por volta das 00:20 da madrugada e os jovens residem na cidade de S\u00e3o Domingos do Cariri. O SAMU foi acionado e os jovens foram socorridos para o Hospital de Trauma e Emerg\u00eancia de Campina Grande.<\/p>\n\n\n\n<p>Um dos jovens estava consciente durante o atendimento e outro foi levado as pressas para a cidade de Campina Grande. Populares que estavam no local, comentam que houve demora no atendimento das vitimas e que um dos jovens aparentava ter fraturado a clav\u00edcula.<\/p>\n","protected":false},"excerpt":{"rendered":"<p>Um colis\u00e3o entre duas motos foi registrada na madrugada deste domingo(27) em uma estrada no S\u00edtio Ipueiras, zona rural de Cabaceiras, Cariri da Para\u00edba, deixando&hellip; <\/p>\n","protected":false},"author":1,"featured_media":41530,"comment_status":"closed","ping_status":"closed","sticky":false,"template":"","format":"standard","meta":{"sfsi_plus_gutenberg_text_before_share":"","sfsi_plus_gutenberg_show_text_before_share":"","sfsi_plus_gutenberg_icon_type":"","sfsi_plus_gutenberg_icon_alignemt":"","sfsi_plus_gutenburg_max_per_row":"","footnotes":""},"categories":[50,12],"tags":[],"class_list":["post-130441","post","type-post","status-publish","format-standard","has-post-thumbnail","hentry","category-destaque","category-policia"],"_links":{"self":[{"href":"https:\/\/www.caririemacao.com\/1\/wp-json\/wp\/v2\/posts\/130441","targetHints":{"allow":["GET"]}}],"collection":[{"href":"https:\/\/www.caririemacao.com\/1\/wp-json\/wp\/v2\/posts"}],"about":[{"href":"https:\/\/www.caririemacao.com\/1\/wp-json\/wp\/v2\/types\/post"}],"author":[{"embeddable":true,"href":"https:\/\/www.caririemacao.com\/1\/wp-json\/wp\/v2\/users\/1"}],"replies":[{"embeddable":true,"href":"https:\/\/www.caririemacao.com\/1\/wp-json\/wp\/v2\/comments?post=130441"}],"version-history":[{"count":1,"href":"https:\/\/www.caririemacao.com\/1\/wp-json\/wp\/v2\/posts\/130441\/revisions"}],"predecessor-version":[{"id":130443,"href":"https:\/\/www.caririemacao.com\/1\/wp-json\/wp\/v2\/posts\/130441\/revisions\/130443"}],"wp:featuredmedia":[{"embeddable":true,"href":"https:\/\/www.caririemacao.com\/1\/wp-json\/wp\/v2\/media\/41530"}],"wp:attachment":[{"href":"https:\/\/www.caririemacao.com\/1\/wp-json\/wp\/v2\/media?parent=130441"}],"wp:term":[{"taxonomy":"category","embeddable":true,"href":"https:\/\/www.caririemacao.com\/1\/wp-json\/wp\/v2\/categories?post=130441"},{"taxonomy":"post_tag","embeddable":true,"href":"https:\/\/www.caririemacao.com\/1\/wp-json\/wp\/v2\/tags?post=130441"}],"curies":[{"name":"wp","href":"https:\/\/api.w.org\/{rel}","templated":true}]}}