{"id":130461,"date":"2019-10-28T07:46:41","date_gmt":"2019-10-28T10:46:41","guid":{"rendered":"http:\/\/www.caririemacao.com\/1\/?p=130461"},"modified":"2019-10-28T07:46:41","modified_gmt":"2019-10-28T10:46:41","slug":"reparticoes-e-outros-orgaos-nao-funcionarao-nesta-segunda-devido-ao-dia-do-servidor-publico","status":"publish","type":"post","link":"https:\/\/www.caririemacao.com\/1\/2019\/10\/28\/reparticoes-e-outros-orgaos-nao-funcionarao-nesta-segunda-devido-ao-dia-do-servidor-publico\/","title":{"rendered":"Reparti\u00e7\u00f5es e outros \u00f3rg\u00e3os n\u00e3o funcionar\u00e3o nesta segunda devido ao dia do Servidor P\u00fablico"},"content":{"rendered":"\n<p>Nesta&nbsp;segunda-feira (28) n\u00e3o haver\u00e1 expediente nas reparti\u00e7\u00f5es p\u00fablicas do Estado, devido ao Dia do Servidor P\u00fablico.&nbsp;A portaria com a decis\u00e3o foi publicada no Di\u00e1rio Oficial do Estado no \u00faltimo dia (12).&nbsp;<\/p>\n\n\n\n<p>O governador da Para\u00edba, Jo\u00e3o Azev\u00eado, decidiu por dar ponto facultativo nas reparti\u00e7\u00f5es p\u00fablicas estaduais na data em que se comemora o Dia do Servidor P\u00fablico.&nbsp;<\/p>\n\n\n\n<p>A decis\u00e3o ainda determina que os ve\u00edculos o\ufb01ciais fossem&nbsp;recolhidos \u00e0s suas reparti\u00e7\u00f5es de origem ou ao Centro Administrativo, ap\u00f3s o t\u00e9rmino do expediente na \u00faltima sexta-feira (25)&nbsp;e liberados uma hora antes do in\u00edcio do expediente na ter\u00e7a-feira (29).<\/p>\n\n\n\n<p>As exce\u00e7\u00f5es s\u00e3o ambul\u00e2ncias, ve\u00edculos de \ufb01scaliza\u00e7\u00e3o da Secretaria de Estado da Fazenda, da Secretaria de Estado da Administra\u00e7\u00e3o Penitenci\u00e1ria, da Secretaria de Estado da Seguran\u00e7a e Defesa Social, das Pol\u00edcias Civil e Militar e da Casa Militar ou que estejam a servi\u00e7o desta.&nbsp;<\/p>\n\n\n\n<p>Ainda segundo a portaria, a Pol\u00edcia Militar est\u00e1 incumbida de apreender e recolher \u00e0 Casa Militar do Governador, os ve\u00edculos encontrados transitando no per\u00edodo sem a devida autoriza\u00e7\u00e3o.<\/p>\n","protected":false},"excerpt":{"rendered":"<p>Nesta&nbsp;segunda-feira (28) n\u00e3o haver\u00e1 expediente nas reparti\u00e7\u00f5es p\u00fablicas do Estado, devido ao Dia do Servidor P\u00fablico.&nbsp;A portaria com a decis\u00e3o foi publicada no Di\u00e1rio Oficial&hellip; <\/p>\n","protected":false},"author":1,"featured_media":130463,"comment_status":"closed","ping_status":"closed","sticky":false,"template":"","format":"standard","meta":{"sfsi_plus_gutenberg_text_before_share":"","sfsi_plus_gutenberg_show_text_before_share":"","sfsi_plus_gutenberg_icon_type":"","sfsi_plus_gutenberg_icon_alignemt":"","sfsi_plus_gutenburg_max_per_row":"","footnotes":""},"categories":[2],"tags":[],"class_list":["post-130461","post","type-post","status-publish","format-standard","has-post-thumbnail","hentry","category-geral"],"_links":{"self":[{"href":"https:\/\/www.caririemacao.com\/1\/wp-json\/wp\/v2\/posts\/130461","targetHints":{"allow":["GET"]}}],"collection":[{"href":"https:\/\/www.caririemacao.com\/1\/wp-json\/wp\/v2\/posts"}],"about":[{"href":"https:\/\/www.caririemacao.com\/1\/wp-json\/wp\/v2\/types\/post"}],"author":[{"embeddable":true,"href":"https:\/\/www.caririemacao.com\/1\/wp-json\/wp\/v2\/users\/1"}],"replies":[{"embeddable":true,"href":"https:\/\/www.caririemacao.com\/1\/wp-json\/wp\/v2\/comments?post=130461"}],"version-history":[{"count":1,"href":"https:\/\/www.caririemacao.com\/1\/wp-json\/wp\/v2\/posts\/130461\/revisions"}],"predecessor-version":[{"id":130464,"href":"https:\/\/www.caririemacao.com\/1\/wp-json\/wp\/v2\/posts\/130461\/revisions\/130464"}],"wp:featuredmedia":[{"embeddable":true,"href":"https:\/\/www.caririemacao.com\/1\/wp-json\/wp\/v2\/media\/130463"}],"wp:attachment":[{"href":"https:\/\/www.caririemacao.com\/1\/wp-json\/wp\/v2\/media?parent=130461"}],"wp:term":[{"taxonomy":"category","embeddable":true,"href":"https:\/\/www.caririemacao.com\/1\/wp-json\/wp\/v2\/categories?post=130461"},{"taxonomy":"post_tag","embeddable":true,"href":"https:\/\/www.caririemacao.com\/1\/wp-json\/wp\/v2\/tags?post=130461"}],"curies":[{"name":"wp","href":"https:\/\/api.w.org\/{rel}","templated":true}]}}