{"id":130473,"date":"2019-10-28T07:52:55","date_gmt":"2019-10-28T10:52:55","guid":{"rendered":"http:\/\/www.caririemacao.com\/1\/?p=130473"},"modified":"2019-10-28T07:52:55","modified_gmt":"2019-10-28T10:52:55","slug":"morre-ator-e-diretor-jorge-fernando-aos-64-anos","status":"publish","type":"post","link":"https:\/\/www.caririemacao.com\/1\/2019\/10\/28\/morre-ator-e-diretor-jorge-fernando-aos-64-anos\/","title":{"rendered":"Morre ator e diretor Jorge Fernando, aos 64 anos"},"content":{"rendered":"\n<p>Morreu neste domingo (27), aos 64 anos, o ator e diretor Jorge Fernando. Ele estava internado no Hospital CopaStar, em Copacabana, Zona Sul do Rio. Jorge Fernando era diretor da TV Globo e seu \u00faltimo trabalho como diretor e ator aconteceu este ano, na novela das 19h &#8220;Ver\u00e3o 90&#8221;. Foi o retorno dele ap\u00f3s dois anos afastado da TV, tempo em que se recuperou de um AVC.<\/p>\n\n\n\n<p>Em nota, o Hospital Copa Star informou que ele morreu ap\u00f3s dar entrada no fim da tarde deste domingo, devido a uma parada card\u00edaca &#8220;em decorr\u00eancia de uma dissec\u00e7\u00e3o de aorta completa&#8221;.<\/p>\n\n\n\n<p>Ator, diretor, escritor e humorista, Jorge Fernando foi um artista completo que ajudou a revolucionar a forma de se fazer televis\u00e3o no Brasil. Seu primeiro contato com a arte de atuar foi ainda adolescente na escola onde estudava no M\u00e9ier, Zona Norte do Rio.<\/p>\n\n\n\n<p>Na TV, ele estreou como ator em 1978, no seriado \u201cCiranda, Cirandinha\u201d. Na d\u00e9cada seguinte, Jorge Fernando trabalhou em v\u00e1rias produ\u00e7\u00f5es, mas foi do outro lado das c\u00e2meras, como diretor, que ele encontrou sua verdadeira paix\u00e3o.<\/p>\n\n\n\n<p>Desde ent\u00e3o, ele dirigiu 34 novelas, miniss\u00e9ries e seriados. Sua estreia como diretor foi em \u201cCora\u00e7\u00e3o Alado\u201d, de Janete Clair, em 1980.<\/p>\n\n\n\n<p>Um dos seus sucessos mais marcantes foi \u201cGuerra dos Sexos\u201d, que tinha como protagonistas Fernanda Montenegro e Paulo Autran. Por seu trabalho na trama das 19h, ele foi premiado pela Associa\u00e7\u00e3o Paulista de Cr\u00edticos de Arte como o melhor diretor, em 1983, ao lado de Guel Arraes.<\/p>\n\n\n\n<p>\u00c9 de \u201cGuerra dos Sexos\u201d a cena cl\u00e1ssica do caf\u00e9 da manh\u00e3, uma das mais importantes da teledramaturgia brasileira. Quase 30 anos, ele teve a chance de fazer tudo de novo, quando dirigiu o remake da novela, em 2012.<\/p>\n\n\n\n<p>Na d\u00e9cada de 1990, muitas novelas dirigidas por ele marcaram uma gera\u00e7\u00e3o. Como \u201cRainha da Sucata\u201d, \u201cVamp\u201d, \u201cDeus nos Acuda\u201d e \u201cA Pr\u00f3xima V\u00edtima\u201d, que fez o Brasil parar no \u00faltimo cap\u00edtulo, \u00e0 espera da revela\u00e7\u00e3o de quem era o grande assassino.<\/p>\n\n\n\n<p>Al\u00e9m das novelas, Jorge Fernando tamb\u00e9m fez hist\u00f3ria no humor. Com \u201cSai de Baixo\u201d, ele levou o teatro de volta \u00e0 TV e obrigou muita gente a dormir mais tarde nos domingos.<\/p>\n\n\n\n<p>Um de seus sucessos mais recentes foi \u201cAlma G\u00eamea\u201d, em 2005. Foi uma das novelas das 18h com melhor m\u00e9dia de audi\u00eancia da hist\u00f3ria da Globo.<\/p>\n\n\n\n<p>Depois de uma longa temporada com diretor, Jorge Fernando voltou a atuar em 2011, no seriado \u201cMacho Man\u201d. Da TV para o teatro, dirigiu Cl\u00e1udia Raia no musical \u201cN\u00e3o Fuja da Raia\u201d.<\/p>\n\n\n\n<p>Mas foi no espet\u00e1culo \u201cBoom\u201d que ele fez o que sabia de melhor: cantou, dan\u00e7ou e deu vida a v\u00e1rios personagens.<\/p>\n\n\n\n<p>Foi o ensaio geral para a pe\u00e7a autobiogr\u00e1fica, \u201cSalve Jorge\u201d. No espet\u00e1culo, Jorge Fernando reuniu hist\u00f3rias que marcaram sua trajet\u00f3ria profissional. TV, cinema e teatro juntos, recontando com muito humor um pouco da hist\u00f3ria de um dos maiores nomes da cultura brasileira.<\/p>\n","protected":false},"excerpt":{"rendered":"<p>Morreu neste domingo (27), aos 64 anos, o ator e diretor Jorge Fernando. Ele estava internado no Hospital CopaStar, em Copacabana, Zona Sul do Rio.&hellip; <\/p>\n","protected":false},"author":1,"featured_media":130475,"comment_status":"closed","ping_status":"closed","sticky":false,"template":"","format":"standard","meta":{"sfsi_plus_gutenberg_text_before_share":"","sfsi_plus_gutenberg_show_text_before_share":"","sfsi_plus_gutenberg_icon_type":"","sfsi_plus_gutenberg_icon_alignemt":"","sfsi_plus_gutenburg_max_per_row":"","footnotes":""},"categories":[2],"tags":[],"class_list":["post-130473","post","type-post","status-publish","format-standard","has-post-thumbnail","hentry","category-geral"],"_links":{"self":[{"href":"https:\/\/www.caririemacao.com\/1\/wp-json\/wp\/v2\/posts\/130473","targetHints":{"allow":["GET"]}}],"collection":[{"href":"https:\/\/www.caririemacao.com\/1\/wp-json\/wp\/v2\/posts"}],"about":[{"href":"https:\/\/www.caririemacao.com\/1\/wp-json\/wp\/v2\/types\/post"}],"author":[{"embeddable":true,"href":"https:\/\/www.caririemacao.com\/1\/wp-json\/wp\/v2\/users\/1"}],"replies":[{"embeddable":true,"href":"https:\/\/www.caririemacao.com\/1\/wp-json\/wp\/v2\/comments?post=130473"}],"version-history":[{"count":1,"href":"https:\/\/www.caririemacao.com\/1\/wp-json\/wp\/v2\/posts\/130473\/revisions"}],"predecessor-version":[{"id":130476,"href":"https:\/\/www.caririemacao.com\/1\/wp-json\/wp\/v2\/posts\/130473\/revisions\/130476"}],"wp:featuredmedia":[{"embeddable":true,"href":"https:\/\/www.caririemacao.com\/1\/wp-json\/wp\/v2\/media\/130475"}],"wp:attachment":[{"href":"https:\/\/www.caririemacao.com\/1\/wp-json\/wp\/v2\/media?parent=130473"}],"wp:term":[{"taxonomy":"category","embeddable":true,"href":"https:\/\/www.caririemacao.com\/1\/wp-json\/wp\/v2\/categories?post=130473"},{"taxonomy":"post_tag","embeddable":true,"href":"https:\/\/www.caririemacao.com\/1\/wp-json\/wp\/v2\/tags?post=130473"}],"curies":[{"name":"wp","href":"https:\/\/api.w.org\/{rel}","templated":true}]}}