{"id":130490,"date":"2019-10-28T07:58:51","date_gmt":"2019-10-28T10:58:51","guid":{"rendered":"http:\/\/www.caririemacao.com\/1\/?p=130490"},"modified":"2019-10-28T07:58:51","modified_gmt":"2019-10-28T10:58:51","slug":"dona-de-bar-e-assassinada-e-cliente-que-devia-r-500-e-principal-suspeito-do-crime","status":"publish","type":"post","link":"https:\/\/www.caririemacao.com\/1\/2019\/10\/28\/dona-de-bar-e-assassinada-e-cliente-que-devia-r-500-e-principal-suspeito-do-crime\/","title":{"rendered":"Dona de bar \u00e9 assassinada e cliente que devia R$ 500 \u00e9 principal suspeito do crime"},"content":{"rendered":"\n<p>A dona de um bar foi assassinada no bairro Colinas do Sul, em Jo\u00e3o Pessoa, na tarde deste domingo (27). O autor do crime teria sido um cliente que estava devendo R$ 500 \u00e0 v\u00edtima.<\/p>\n\n\n\n<p>O homem teria aparecido neste domingo no bar e a mulher de 61 anos resolveu cobr\u00e1-lo da d\u00edvida, al\u00e9m de n\u00e3o servi-lo at\u00e9 que a conta de ontem (26) fosse paga. Os dois discutiram e o cliente saiu. Na volta, estava armado e esfaqueou a propriet\u00e1ria do bar.<\/p>\n\n\n\n<p>O Samu foi acionado, tentou socorrer a dona do bar, mas ela morreu. Um funcion\u00e1rio do estabelecimento tamb\u00e9m ficou ferido, mas sem gravidade. Ele foi levado ao Hospital de Trauma Senador Humberto Lucena.<\/p>\n\n\n\n<p>O cliente ainda n\u00e3o havia sido preso, at\u00e9 a noite deste domingo.<\/p>\n","protected":false},"excerpt":{"rendered":"<p>A dona de um bar foi assassinada no bairro Colinas do Sul, em Jo\u00e3o Pessoa, na tarde deste domingo (27). O autor do crime teria&hellip; <\/p>\n","protected":false},"author":1,"featured_media":130492,"comment_status":"closed","ping_status":"closed","sticky":false,"template":"","format":"standard","meta":{"sfsi_plus_gutenberg_text_before_share":"","sfsi_plus_gutenberg_show_text_before_share":"","sfsi_plus_gutenberg_icon_type":"","sfsi_plus_gutenberg_icon_alignemt":"","sfsi_plus_gutenburg_max_per_row":"","footnotes":""},"categories":[12],"tags":[],"class_list":["post-130490","post","type-post","status-publish","format-standard","has-post-thumbnail","hentry","category-policia"],"_links":{"self":[{"href":"https:\/\/www.caririemacao.com\/1\/wp-json\/wp\/v2\/posts\/130490","targetHints":{"allow":["GET"]}}],"collection":[{"href":"https:\/\/www.caririemacao.com\/1\/wp-json\/wp\/v2\/posts"}],"about":[{"href":"https:\/\/www.caririemacao.com\/1\/wp-json\/wp\/v2\/types\/post"}],"author":[{"embeddable":true,"href":"https:\/\/www.caririemacao.com\/1\/wp-json\/wp\/v2\/users\/1"}],"replies":[{"embeddable":true,"href":"https:\/\/www.caririemacao.com\/1\/wp-json\/wp\/v2\/comments?post=130490"}],"version-history":[{"count":1,"href":"https:\/\/www.caririemacao.com\/1\/wp-json\/wp\/v2\/posts\/130490\/revisions"}],"predecessor-version":[{"id":130493,"href":"https:\/\/www.caririemacao.com\/1\/wp-json\/wp\/v2\/posts\/130490\/revisions\/130493"}],"wp:featuredmedia":[{"embeddable":true,"href":"https:\/\/www.caririemacao.com\/1\/wp-json\/wp\/v2\/media\/130492"}],"wp:attachment":[{"href":"https:\/\/www.caririemacao.com\/1\/wp-json\/wp\/v2\/media?parent=130490"}],"wp:term":[{"taxonomy":"category","embeddable":true,"href":"https:\/\/www.caririemacao.com\/1\/wp-json\/wp\/v2\/categories?post=130490"},{"taxonomy":"post_tag","embeddable":true,"href":"https:\/\/www.caririemacao.com\/1\/wp-json\/wp\/v2\/tags?post=130490"}],"curies":[{"name":"wp","href":"https:\/\/api.w.org\/{rel}","templated":true}]}}