{"id":130506,"date":"2019-10-28T08:02:01","date_gmt":"2019-10-28T11:02:01","guid":{"rendered":"http:\/\/www.caririemacao.com\/1\/?p=130506"},"modified":"2019-10-28T08:02:01","modified_gmt":"2019-10-28T11:02:01","slug":"bolsonaro-se-reune-com-empresarios-e-autoridades-dos-emirados-arabes","status":"publish","type":"post","link":"https:\/\/www.caririemacao.com\/1\/2019\/10\/28\/bolsonaro-se-reune-com-empresarios-e-autoridades-dos-emirados-arabes\/","title":{"rendered":"Bolsonaro se re\u00fane com empres\u00e1rios e autoridades dos Emirados \u00c1rabes"},"content":{"rendered":"\n<p>Em viagem oficial ao Oriente M\u00e9dio, o presidente Jair Bolsonaro disse hoje (27), a uma plateia de empres\u00e1rios em Abu Dhabi, capital dos Emirados \u00c1rabes Unidos, que seu governo est\u00e1 impulsionando um novo ritmo ao Brasil com a recupera\u00e7\u00e3o da confian\u00e7a perante o mundo. Ele chegou no s\u00e1bado (26) ao primeiro destino no Oriente M\u00e9dio, o terceiro pa\u00eds da visita da comitiva presidencial pela \u00c1sia e Oriente M\u00e9dio.<\/p>\n\n\n\n<p>Em seu discurso, Bolsonaro citou acordos e protocolos de inten\u00e7\u00e3o assinados entre os dois pa\u00edses. \u201c\u00c9 a forma mais concreta que temos de demonstrar a confian\u00e7a junto aos senhores e tenha certeza que a rec\u00edproca \u00e9 verdadeira. Nos pr\u00f3ximos dias teremos os maiores leil\u00f5es do pr\u00e9-sal em nosso pa\u00eds. Convido-os a participar. O Brasil \u00e9 um pa\u00eds que est\u00e1 abrindo o seu com\u00e9rcio com o mundo todo.&nbsp;Estamos diminuindo e muito a quest\u00e3o burocr\u00e1tica, bem como tudo aquilo que poderia atravancar a rela\u00e7\u00e3o comercial. N\u00f3s estamos vencendo essas barreiras\u201d, disse o presidente.<\/p>\n\n\n\n<p>Bolsonaro pediu aos empres\u00e1rios \u00e1rabes que confiem no Brasil. \u201cEst\u00e1 aqui um homem de cora\u00e7\u00e3o aberto estendendo a m\u00e3o aos senhores, pedindo que confiem em nosso pa\u00eds. N\u00f3s temos muito a oferecer, bem como os senhores tamb\u00e9m t\u00eam a nos oferecer.\u201d<\/p>\n\n\n\n<p>O presidente citou entre as mudan\u00e7as a reforma previdenci\u00e1ria aprovada recentemente pelo Congresso Nacional e lembrou que as pr\u00f3ximas ser\u00e3o a tribut\u00e1ria e a administrativa. \u201cPela primeira vez na hist\u00f3ria do Brasil, temos uma taxa de juros t\u00e3o baixa. Estamos conseguindo e devemos concluir o ano com uma taxa de infla\u00e7\u00e3o abaixo da m\u00e9dia. Tamb\u00e9m o risco Brasil tem diminu\u00eddo drasticamente, bem como o desemprego\u201d, disse no Semin\u00e1rio Empresarial Brasil-Emirados \u00c1rabes Unidos.<\/p>\n\n\n\n<p>Acordos assinados<br>Segundo o Minist\u00e9rio das Rela\u00e7\u00f5es Exteriores (MRE) brasileiro, Bolsonaro e o xeique Mohammed bin Zayed Al Nahyan, pr\u00edncipe herdeiro de Abu Dhabi, assinaram acordos nos campos de intelig\u00eancia artificial, meio ambiente, defesa, com\u00e9rcio e coopera\u00e7\u00e3o aduaneira.<\/p>\n\n\n\n<p>Conforme o Itamaraty, os l\u00edderes tamb\u00e9m decidiram al\u00e7ar as rela\u00e7\u00f5es bilaterais ao n\u00edvel de parceria estrat\u00e9gica. \u201cTendo assinado memorando de entendimento sobre a parceria estrat\u00e9gica entre os pa\u00edses nas \u00e1reas de paz e seguran\u00e7a, coopera\u00e7\u00e3o econ\u00f4mica, coopera\u00e7\u00e3o em energia e coopera\u00e7\u00e3o em turismo, cultura e esportes\u201d, diz nota do Minist\u00e9rio das Rela\u00e7\u00f5es Exteriores.&nbsp;<\/p>\n\n\n\n<p>\u201cOs dois l\u00edderes reiteraram a import\u00e2ncia dos Emirados \u00c1rabes Unidos como porta de entrada para os mercados regional e global. Destacaram, em particular, o expressivo potencial da localiza\u00e7\u00e3o estrat\u00e9gica, da infraestrutura avan\u00e7ada e do ambiente de neg\u00f3cios din\u00e2mico dos Emirados \u00c1rabes Unidos para a facilita\u00e7\u00e3o do acesso de produtos brasileiros a mercados de terceiros pa\u00edses, sobretudo na \u00c1sia\u201d, completa nota do Itamaraty.<\/p>\n","protected":false},"excerpt":{"rendered":"<p>Em viagem oficial ao Oriente M\u00e9dio, o presidente Jair Bolsonaro disse hoje (27), a uma plateia de empres\u00e1rios em Abu Dhabi, capital dos Emirados \u00c1rabes&hellip; <\/p>\n","protected":false},"author":1,"featured_media":129640,"comment_status":"closed","ping_status":"closed","sticky":false,"template":"","format":"standard","meta":{"sfsi_plus_gutenberg_text_before_share":"","sfsi_plus_gutenberg_show_text_before_share":"","sfsi_plus_gutenberg_icon_type":"","sfsi_plus_gutenberg_icon_alignemt":"","sfsi_plus_gutenburg_max_per_row":"","footnotes":""},"categories":[11],"tags":[],"class_list":["post-130506","post","type-post","status-publish","format-standard","has-post-thumbnail","hentry","category-politica"],"_links":{"self":[{"href":"https:\/\/www.caririemacao.com\/1\/wp-json\/wp\/v2\/posts\/130506","targetHints":{"allow":["GET"]}}],"collection":[{"href":"https:\/\/www.caririemacao.com\/1\/wp-json\/wp\/v2\/posts"}],"about":[{"href":"https:\/\/www.caririemacao.com\/1\/wp-json\/wp\/v2\/types\/post"}],"author":[{"embeddable":true,"href":"https:\/\/www.caririemacao.com\/1\/wp-json\/wp\/v2\/users\/1"}],"replies":[{"embeddable":true,"href":"https:\/\/www.caririemacao.com\/1\/wp-json\/wp\/v2\/comments?post=130506"}],"version-history":[{"count":1,"href":"https:\/\/www.caririemacao.com\/1\/wp-json\/wp\/v2\/posts\/130506\/revisions"}],"predecessor-version":[{"id":130508,"href":"https:\/\/www.caririemacao.com\/1\/wp-json\/wp\/v2\/posts\/130506\/revisions\/130508"}],"wp:featuredmedia":[{"embeddable":true,"href":"https:\/\/www.caririemacao.com\/1\/wp-json\/wp\/v2\/media\/129640"}],"wp:attachment":[{"href":"https:\/\/www.caririemacao.com\/1\/wp-json\/wp\/v2\/media?parent=130506"}],"wp:term":[{"taxonomy":"category","embeddable":true,"href":"https:\/\/www.caririemacao.com\/1\/wp-json\/wp\/v2\/categories?post=130506"},{"taxonomy":"post_tag","embeddable":true,"href":"https:\/\/www.caririemacao.com\/1\/wp-json\/wp\/v2\/tags?post=130506"}],"curies":[{"name":"wp","href":"https:\/\/api.w.org\/{rel}","templated":true}]}}