{"id":130532,"date":"2019-10-28T08:07:45","date_gmt":"2019-10-28T11:07:45","guid":{"rendered":"http:\/\/www.caririemacao.com\/1\/?p=130532"},"modified":"2019-10-28T08:07:45","modified_gmt":"2019-10-28T11:07:45","slug":"no-dia-da-eleicao-argentina-fernandez-publica-foto-fazendo-simbolo-de-lula-livre","status":"publish","type":"post","link":"https:\/\/www.caririemacao.com\/1\/2019\/10\/28\/no-dia-da-eleicao-argentina-fernandez-publica-foto-fazendo-simbolo-de-lula-livre\/","title":{"rendered":"No dia da elei\u00e7\u00e3o argentina, Fern\u00e1ndez publica foto fazendo s\u00edmbolo de Lula Livre"},"content":{"rendered":"\n<p>Os principais candidatos argentinos \u00e0 Presid\u00eancia votaram pela manh\u00e3 neste domingo (27).<\/p>\n\n\n\n<p>Assim como nas elei\u00e7\u00f5es prim\u00e1rias, Alberto Fern\u00e1ndez, 60, favorito nas pesquisas para vencer no primeiro turno, saiu para passear com seu cachorro, Dylan, e s\u00f3 depois se dirigiu ao centro de vota\u00e7\u00e3o pr\u00f3ximo a sua casa, em Puerto Madero.<\/p>\n\n\n\n<p>Na sa\u00edda, disse que &#8220;a situa\u00e7\u00e3o econ\u00f4mica era muito preocupante e que todos devemos nos preocupar&#8221;, mas n\u00e3o entrou em detalhes pol\u00edticos, uma vez que a lei eleitoral pro\u00edbe esse tipo de declara\u00e7\u00e3o no dia do pleito.<\/p>\n\n\n\n<p>O kirchnerista ainda disse estar tranquilo e comentou, a pedido de jornalistas, como foi o encontro no s\u00e1bado (26) com o m\u00fasico Gustavo Santaolalla, vencedor do Oscar pelas trilhas sonoras de &#8220;Brokeback Mountain&#8221; (2005) e &#8220;Babel&#8221; (2006).<\/p>\n\n\n\n<p>Em v\u00eddeos que circularam nas redes sociais, Santaolalla e Fern\u00e1ndez, para quem &#8220;Gustavo \u00e9 um grande m\u00fasico e um amigo&#8221;, aparecem juntos tocando viol\u00e3o e cantando.<\/p>\n\n\n\n<p>Ao final de suas declara\u00e7\u00f5es, Fern\u00e1ndez disse que se lembra de N\u00e9stor Kirchner todos os dias e que gostaria de ter falado com ele neste dia, j\u00e1 que, para o candidato, o ex-presidente &#8220;ajudaria a Argentina a se levantar novamente&#8221;.<\/p>\n\n\n\n<p>Mais tarde, o candidato kirchnerista publicou uma foto no Twitter em que faz a letra L com as m\u00e3os, s\u00edmbolo do movimento Lula Livre, e parabenizou o ex-presidente brasileiro pelo anivers\u00e1rio de 74 anos completados neste domingo.<\/p>\n\n\n\n<p>&#8220;Tamb\u00e9m hoje faz anivers\u00e1rio meu amigo Lula, um homem extraordin\u00e1rio que est\u00e1 injustamente preso faz um ano e meio&#8221;, escreveu Fern\u00e1ndez. &#8220;Parab\u00e9ns pra voc\u00ea, querido Lula. Espero te ver em breve.&#8221;<\/p>\n\n\n\n<p>Durante a campanha, em julho, o candidato visitou Lula na pris\u00e3o, em Curitiba. Num programa de TV um dia depois de vencer as elei\u00e7\u00f5es prim\u00e1rias, Fern\u00e1ndez defendeu o ex-presidente e afirmou que gostaria de dizer a Jair Bolsonaro que &#8220;Lula deveria estar livre para poder concorrer a uma elei\u00e7\u00e3o com ele&#8221;.<\/p>\n\n\n\n<p>Por fim, ainda chamou o atual mandat\u00e1rio brasileiro de &#8220;racista, um mis\u00f3gino e um violento que \u00e9 a favor da tortura&#8221;.<\/p>\n\n\n\n<p>J\u00e1 Mauricio Macri votou no bairro de Palermo. Seguindo uma tradi\u00e7\u00e3o, levou uma bandeja com &#8220;medialunas&#8221; -croissants- para distribuir aos jornalistas.<\/p>\n\n\n\n<p>Ao ser questionado como ser\u00e1 seu dia nesta segunda-feira, afirmou que estar\u00e1 cedo na Casa Rosada, trabalhando, &#8220;seja qual for o resultado&#8221;.<\/p>\n\n\n\n<p>Macri tamb\u00e9m afirmou estar &#8220;ansioso, como todos os argentinos&#8221;, mas que era preciso esperar os resultados preliminares, que come\u00e7am a ser divulgados a partir das 21h.<\/p>\n\n\n\n<p>&#8220;Se a brecha for muito apertada, al\u00e9m dos resultados preliminares, vamos ter de ter paci\u00eancia para esperar a contagem final&#8221;, afirmou.<\/p>\n\n\n\n<p>O presidente afirmou que almo\u00e7aria com sua fam\u00edlia e mais tarde iria ao comit\u00ea de campanha para esperar o resultado.<\/p>\n\n\n\n<p>A candidata a vice-presidente na chapa de Alberto Fern\u00e1ndez, Cristina Kirchner, votou cedo em R\u00edo Gallegos, na Prov\u00edncia de Santa Cruz, onde vive.<\/p>\n\n\n\n<p>Esquivando-se das perguntas dos rep\u00f3rteres, a ex-presidente se justificou dizendo: &#8220;Voc\u00eas sabem que o jornalismo n\u00e3o \u00e9 o meu forte&#8221;, o que arrancou risadas.<\/p>\n\n\n\n<p>Cristina tamb\u00e9m almo\u00e7aria em fam\u00edlia e voaria \u00e0s 18h para Buenos Aires, para se juntar a Fern\u00e1ndez no &#8220;bunker&#8221; de campanha do peronismo.<\/p>\n\n\n\n<p>No in\u00edcio da manh\u00e3, o palco j\u00e1 estava sendo armado na avenida Corrientes, na capital, com as ruas ao redor todas cercadas.<\/p>\n\n\n\n<p>Enquanto Macri costuma fazer seus discursos p\u00f3s-eleitorais dentro do complexo cultural e comercial Costa Salguero, a festa kirchnerista costuma ocorrer na rua.<\/p>\n\n\n\n<p>\u00c0s 15h, a C\u00e2mara Eleitoral Argentina comunicou que 56% do padr\u00e3o eleitoral j\u00e1 tinham votado. Segundo determina\u00e7\u00e3o da ju\u00edza Mar\u00eda Romilda Servini de Cubr\u00eda, assim como nas prim\u00e1rias, n\u00e3o seria poss\u00edvel divulgar resultados de boca de urna antes do primeiro relat\u00f3rio oficial.<\/p>\n\n\n\n<p>Ainda assim, algumas pesquisas encomendadas pelos partidos j\u00e1 circulavam. Uma delas, realizada at\u00e9 as 12h30, mostrava 16 pontos de diferen\u00e7a e uma vit\u00f3ria em primeiro turno para Fern\u00e1ndez.<\/p>\n\n\n\n<p>Macri desconsiderou os levantamentos, afirmando que s\u00e3o &#8220;imprecisas e manipuladas&#8221;. E acrescentou: &#8220;Eu sei que \u00e9 dif\u00edcil, mas temos de ter paci\u00eancia&#8221;.<\/p>\n","protected":false},"excerpt":{"rendered":"<p>Os principais candidatos argentinos \u00e0 Presid\u00eancia votaram pela manh\u00e3 neste domingo (27). Assim como nas elei\u00e7\u00f5es prim\u00e1rias, Alberto Fern\u00e1ndez, 60, favorito nas pesquisas para vencer&hellip; <\/p>\n","protected":false},"author":1,"featured_media":130533,"comment_status":"closed","ping_status":"closed","sticky":false,"template":"","format":"standard","meta":{"sfsi_plus_gutenberg_text_before_share":"","sfsi_plus_gutenberg_show_text_before_share":"","sfsi_plus_gutenberg_icon_type":"","sfsi_plus_gutenberg_icon_alignemt":"","sfsi_plus_gutenburg_max_per_row":"","footnotes":""},"categories":[11],"tags":[],"class_list":["post-130532","post","type-post","status-publish","format-standard","has-post-thumbnail","hentry","category-politica"],"_links":{"self":[{"href":"https:\/\/www.caririemacao.com\/1\/wp-json\/wp\/v2\/posts\/130532","targetHints":{"allow":["GET"]}}],"collection":[{"href":"https:\/\/www.caririemacao.com\/1\/wp-json\/wp\/v2\/posts"}],"about":[{"href":"https:\/\/www.caririemacao.com\/1\/wp-json\/wp\/v2\/types\/post"}],"author":[{"embeddable":true,"href":"https:\/\/www.caririemacao.com\/1\/wp-json\/wp\/v2\/users\/1"}],"replies":[{"embeddable":true,"href":"https:\/\/www.caririemacao.com\/1\/wp-json\/wp\/v2\/comments?post=130532"}],"version-history":[{"count":1,"href":"https:\/\/www.caririemacao.com\/1\/wp-json\/wp\/v2\/posts\/130532\/revisions"}],"predecessor-version":[{"id":130534,"href":"https:\/\/www.caririemacao.com\/1\/wp-json\/wp\/v2\/posts\/130532\/revisions\/130534"}],"wp:featuredmedia":[{"embeddable":true,"href":"https:\/\/www.caririemacao.com\/1\/wp-json\/wp\/v2\/media\/130533"}],"wp:attachment":[{"href":"https:\/\/www.caririemacao.com\/1\/wp-json\/wp\/v2\/media?parent=130532"}],"wp:term":[{"taxonomy":"category","embeddable":true,"href":"https:\/\/www.caririemacao.com\/1\/wp-json\/wp\/v2\/categories?post=130532"},{"taxonomy":"post_tag","embeddable":true,"href":"https:\/\/www.caririemacao.com\/1\/wp-json\/wp\/v2\/tags?post=130532"}],"curies":[{"name":"wp","href":"https:\/\/api.w.org\/{rel}","templated":true}]}}