{"id":130569,"date":"2019-10-28T08:52:05","date_gmt":"2019-10-28T11:52:05","guid":{"rendered":"http:\/\/www.caririemacao.com\/1\/?p=130569"},"modified":"2019-10-28T08:52:05","modified_gmt":"2019-10-28T11:52:05","slug":"previsao-do-tempo-para-esta-segunda-feira-em-toda-paraiba-24","status":"publish","type":"post","link":"https:\/\/www.caririemacao.com\/1\/2019\/10\/28\/previsao-do-tempo-para-esta-segunda-feira-em-toda-paraiba-24\/","title":{"rendered":"Previs\u00e3o do tempo para esta segunda-feira em toda Para\u00edba"},"content":{"rendered":"\n<p>As condi\u00e7\u00f5es de tempo sobre o estado da Para\u00edba permanecem inalteradas com rela\u00e7\u00e3o ao dia de ontem. No decorrer do dia o tempo dever\u00e1 permanecer com poucas nuvens sobre grande parte do Estado e com as temperaturas em eleva\u00e7\u00e3o e baixos \u00edndices de umidade relativa do ar, principalmente no per\u00edodo da tarde, no setor centro\/oeste do Estado.<\/p>\n\n\n\n<div class=\"wp-block-image\"><figure class=\"aligncenter\"><img decoding=\"async\" data-src=\"https:\/\/paraibaonline.com.br\/wp-content\/uploads\/2019\/10\/tempo2810.jpg\" alt=\"\" class=\"wp-image-815440 lazyload\" src=\"data:image\/svg+xml;base64,PHN2ZyB3aWR0aD0iMSIgaGVpZ2h0PSIxIiB4bWxucz0iaHR0cDovL3d3dy53My5vcmcvMjAwMC9zdmciPjwvc3ZnPg==\" \/><\/figure><\/div>\n\n\n\n<p>*Fonte: Aesa<\/p>\n","protected":false},"excerpt":{"rendered":"<p>As condi\u00e7\u00f5es de tempo sobre o estado da Para\u00edba permanecem inalteradas com rela\u00e7\u00e3o ao dia de ontem. No decorrer do dia o tempo dever\u00e1 permanecer&hellip; <\/p>\n","protected":false},"author":1,"featured_media":62056,"comment_status":"closed","ping_status":"closed","sticky":false,"template":"","format":"standard","meta":{"sfsi_plus_gutenberg_text_before_share":"","sfsi_plus_gutenberg_show_text_before_share":"","sfsi_plus_gutenberg_icon_type":"","sfsi_plus_gutenberg_icon_alignemt":"","sfsi_plus_gutenburg_max_per_row":"","footnotes":""},"categories":[6],"tags":[],"class_list":["post-130569","post","type-post","status-publish","format-standard","has-post-thumbnail","hentry","category-cidades"],"_links":{"self":[{"href":"https:\/\/www.caririemacao.com\/1\/wp-json\/wp\/v2\/posts\/130569","targetHints":{"allow":["GET"]}}],"collection":[{"href":"https:\/\/www.caririemacao.com\/1\/wp-json\/wp\/v2\/posts"}],"about":[{"href":"https:\/\/www.caririemacao.com\/1\/wp-json\/wp\/v2\/types\/post"}],"author":[{"embeddable":true,"href":"https:\/\/www.caririemacao.com\/1\/wp-json\/wp\/v2\/users\/1"}],"replies":[{"embeddable":true,"href":"https:\/\/www.caririemacao.com\/1\/wp-json\/wp\/v2\/comments?post=130569"}],"version-history":[{"count":1,"href":"https:\/\/www.caririemacao.com\/1\/wp-json\/wp\/v2\/posts\/130569\/revisions"}],"predecessor-version":[{"id":130571,"href":"https:\/\/www.caririemacao.com\/1\/wp-json\/wp\/v2\/posts\/130569\/revisions\/130571"}],"wp:featuredmedia":[{"embeddable":true,"href":"https:\/\/www.caririemacao.com\/1\/wp-json\/wp\/v2\/media\/62056"}],"wp:attachment":[{"href":"https:\/\/www.caririemacao.com\/1\/wp-json\/wp\/v2\/media?parent=130569"}],"wp:term":[{"taxonomy":"category","embeddable":true,"href":"https:\/\/www.caririemacao.com\/1\/wp-json\/wp\/v2\/categories?post=130569"},{"taxonomy":"post_tag","embeddable":true,"href":"https:\/\/www.caririemacao.com\/1\/wp-json\/wp\/v2\/tags?post=130569"}],"curies":[{"name":"wp","href":"https:\/\/api.w.org\/{rel}","templated":true}]}}