{"id":130823,"date":"2019-10-29T07:20:35","date_gmt":"2019-10-29T10:20:35","guid":{"rendered":"http:\/\/www.caririemacao.com\/1\/?p=130823"},"modified":"2019-10-29T07:20:35","modified_gmt":"2019-10-29T10:20:35","slug":"mercado-literario-brasileiro-esta-em-transformacao-dizem-escritores","status":"publish","type":"post","link":"https:\/\/www.caririemacao.com\/1\/2019\/10\/29\/mercado-literario-brasileiro-esta-em-transformacao-dizem-escritores\/","title":{"rendered":"Mercado liter\u00e1rio brasileiro est\u00e1 em transforma\u00e7\u00e3o, dizem escritores"},"content":{"rendered":"\n<p>Um mercado em transforma\u00e7\u00e3o, com novos consumidores potenciais e a car\u00eancia de estrat\u00e9gias para a forma\u00e7\u00e3o de novos leitores \u00e9 a descri\u00e7\u00e3o do mercado liter\u00e1rio brasileiro, feita por escritores. O mercado re\u00fane profissionais apaixonados pelo que fazem. No Dia Nacional do Livro, a&nbsp;<strong>Ag\u00eancia Brasil<\/strong>&nbsp;conversou com autores e editores.<\/p>\n\n\n\n<p>&#8220;N\u00f3s todos que trabalhamos com escrita, com texto, com formas de abstra\u00e7\u00e3o, somos todos sonhadores&#8221;, diz a autora e editora na P\u00e1gina Editora, de Belo Horizonte (MG), Cl\u00e1udia Rezende. &#8220;Acredito muito na literatura, na for\u00e7a de formar um leitor fluente, na diferen\u00e7a que isso faz na vida das pessoas&#8221;, acrescenta.&nbsp;<\/p>\n\n\n\n<p>Cl\u00e1udia publicou o primeiro livro este ano,&nbsp;<em>Poli Escolhe<\/em>, que tem como tema o processo de escolha das crian\u00e7as. O lan\u00e7amento vem junto com um trabalho j\u00e1 conhecido de autores, de divulga\u00e7\u00e3o, de lan\u00e7amento da obra, de distribui\u00e7\u00e3o e vendas.&nbsp;&nbsp;<\/p>\n\n\n\n<p>&#8220;H\u00e1 crise no mercado, temos editoras fechando, livrarias em dificuldade, mas, por outro lado, temos tamb\u00e9m uma facilidade maior de publicar. Na editora recebemos muita procura por publica\u00e7\u00e3o&#8221;, diz. Segundo ela, editoras pequenas, como a P\u00e1gina s\u00e3o as que &#8220;est\u00e3o realizando sonhos. Antes, dependia-se de grandes editoras, agora n\u00e3o&#8221;, afirma.&nbsp;<\/p>\n\n\n\n<p>Cl\u00e1udia destaca, no entanto, que a concorr\u00eancia editorial \u00e9 alta, sobretudo com livros impressos em outros pa\u00edses, de baixo custo. &#8220;A gente nem visa a determinados p\u00fablicos porque n\u00e3o h\u00e1 como concorrer com dois livros a R$ 10&#8221;, diz. A estrat\u00e9gia tem sido, ent\u00e3o, segundo ela, recorrer \u00e0 maior qualidade, \u00e0 busca por obras que reflitam as ideias de cada autor.<\/p>\n\n\n\n<h2 class=\"wp-block-heading\">Editais e vaquinhas<\/h2>\n\n\n\n<p>Al\u00e9m das editoras, editais p\u00fablicos e vaquinhas aparecem como alternativa, sobretudo para novos autores. A escritora S\u00edlvia Am\u00e9lia de Ara\u00fajo, de Cidade de Goi\u00e1s (GO), recorreu \u00e0s duas estrat\u00e9gias. Ela j\u00e1 tem livros publicados e outros ainda na gaveta, quase prontos para serem lan\u00e7ados.&nbsp;<\/p>\n\n\n\n<figure class=\"wp-block-image\"><img decoding=\"async\" data-src=\"http:\/\/imagens.ebc.com.br\/RvnoxhKjW0IVpbeghQ9hGP2hO14=\/754x0\/smart\/http:\/\/agenciabrasil.ebc.com.br\/sites\/default\/files\/thumbnails\/image\/_82t3959_1.jpg?itok=QyiGKQdp\" alt=\"Reinaugura\u00e7\u00e3o da fachada restaurada da Biblioteca Nacional, na Cinel\u00e2ndia, Rio de Janeiro.\" src=\"data:image\/svg+xml;base64,PHN2ZyB3aWR0aD0iMSIgaGVpZ2h0PSIxIiB4bWxucz0iaHR0cDovL3d3dy53My5vcmcvMjAwMC9zdmciPjwvc3ZnPg==\" class=\"lazyload\" \/><\/figure>\n\n\n\n<p>Fachada da Biblioteca Nacional, na Cinel\u00e2ndia, Rio de Janeiro. &#8211;&nbsp;<strong>Fernando Fraz\u00e3o\/Ag\u00eancia Brasil<\/strong><\/p>\n\n\n\n<p>Foi com recursos do edital de Literatura do Fundo de Arte e Cultura do Estado de Goi\u00e1s que S\u00edlvia publicou o livro&nbsp;<em>No meio do caminho<\/em>. A obra, vendida a R$ 15, re\u00fane hist\u00f3rias de pessoas que compartilharam com ela viagens em transportes p\u00fablicos. De quem sentava ao lado e falava da vida. &#8220;Fiz o livro voltado para pessoas de baixa escolaridade, pessoas adultas que se alfabetizaram recentemente ou que t\u00eam pouco estudo, que n\u00e3o v\u00e3o conseguir ler um livro denso de letra pequena, mas que tamb\u00e9m n\u00e3o se interessam por livros infantis&#8221;, conta.&nbsp;<\/p>\n\n\n\n<p>O edital, segundo ela, tornou a obra mais acess\u00edvel. &#8220;O brasileiros t\u00eam um h\u00e1bito de leitura ainda muito baixo, mas valor da leitura \u00e9 alto no pa\u00eds. As pessoas acham importante ler, acham valioso e esperam que seus filhos sejam leitores. Acho que existe campo para trabalhar e, nesse sentido, os editais s\u00e3o importantes porque permitem esse tipo de coisa que eu propus, distribuir os livros ou vender muito baratinho&#8221;, diz.&nbsp;<\/p>\n\n\n\n<p>A estimativa \u00e9 que 44% dos brasileiros sejam n\u00e3o leitores, o que significa que n\u00e3o leram nenhum livro nos \u00faltimos tr\u00eas meses, de acordo com a \u00faltima pesquisa&nbsp;<em>Retratos da Leitura no Brasil<\/em>, do Instituto Pr\u00f3-Livro.&nbsp;<\/p>\n\n\n\n<p>A autora conseguiu ainda, por meio de uma vaquinha&nbsp;<em>online<\/em>, financiamento para lan\u00e7ar mais dois livros:&nbsp;<em>\u00c1lbum de hist\u00f3rias<\/em>&nbsp;e&nbsp;<em>Guia Casar Bonito<\/em>. Como est\u00e1 gr\u00e1vida, a contagem para o lan\u00e7amento \u00e9 tamb\u00e9m pelo tempo do beb\u00ea. Ela pretende lan\u00e7ar um livro antes do nascimento, previsto para fevereiro, e outro depois.&nbsp;<\/p>\n\n\n\n<p>Apesar dos projetos em andamento, S\u00edlvia diz: &#8220;\u00e9 dif\u00edcil viver s\u00f3 da literatura, s\u00f3 da venda de livros, \u00e9 rar\u00edssimo encontrar algu\u00e9m que viva s\u00f3 disso. Mas, \u00e9 poss\u00edvel construir uma carreira em torno disso. Eu dou oficinas de escrita, \u00e9 algo que me d\u00e1 uma renda e tem rela\u00e7\u00e3o com o que eu quero fazer&#8221;.<\/p>\n\n\n\n<h2 class=\"wp-block-heading\">Cen\u00e1rio de transforma\u00e7\u00f5es<\/h2>\n\n\n\n<p>Para a diretora executiva da C\u00e2mara Brasileira do Livro (CBL), Fernanda Garcia, o livro no Brasil est\u00e1 passando por transforma\u00e7\u00f5es. O&nbsp;<em>Painel do Varejo de Livros no Brasil<\/em>, pesquisa da Nielsen Brasil e do Sindicato Nacional dos Editores de Livros (Snel), mostra leve melhora de 0,96% das vendas de livros entre setembro e outubro de 2019, em compara\u00e7\u00e3o com o mesmo per\u00edodo do ano passado.&nbsp;<\/p>\n\n\n\n<p>Em 2018 foram vendidos 2,9 milh\u00f5es de livros e, em 2019, 3 milh\u00f5es entre o in\u00edcio de setembro e o in\u00edcio de outubro de cada ano. Em valores, o aumento foi de 3,74%, passando de R$ 112,7 milh\u00f5es para R$ 116,9 milh\u00f5es. &#8220;[A pesquisa] este ano mostrou, pela primeira vez, um crescimento, pequeno, mas a curva para cima. A gente est\u00e1 feliz com isso&#8221;, diz Fernanda. &#8220;Embora n\u00e3o seja uma recupera\u00e7\u00e3o, demonstra um cen\u00e1rio, uma curva de crescimento&#8221;.<\/p>\n\n\n\n<p>Apesar do crescimento no m\u00eas, no acumulado do ano, de janeiro a outubro, 2019 ainda est\u00e1 abaixo de 2018. O volume de livros vendidos acumula at\u00e9 agora queda de 10,26% e o valor das vendas, queda de 9,53%.&nbsp;<\/p>\n\n\n\n<p>Fernanda cita v\u00e1rias mudan\u00e7as no consumo de obras liter\u00e1rias, como o surgimento de diversos clubes de leitura, o fortalecimento dos audiolivros e livros digitais, o avan\u00e7o de livrarias independentes e de nicho, ao mesmo tempo que o enfraquecimento de grandes redes. &#8220;Paralelamente a isso, h\u00e1 uma gera\u00e7\u00e3o que vem fazendo livro de forma diferente, mais conectada a um tipo espec\u00edfico de p\u00fablico&#8221;, diz.&nbsp;<\/p>\n\n\n\n<p>A diretora defende que para que o h\u00e1bito da leitura se perpetue e para que o mercado de livros se sustente, \u00e9 preciso um trabalho, principalmente do Poder P\u00fablico, na forma\u00e7\u00e3o de leitores. Para isso, a CBL defende a regulamenta\u00e7\u00e3o da Pol\u00edtica Nacional de Leitura e Escrita (PNLE), sancionada em lei no ano passado.&nbsp;<\/p>\n\n\n\n<p>Entre outros pontos, a pol\u00edtica visa \u00e0 universaliza\u00e7\u00e3o do direito ao acesso ao livro, \u00e0 leitura, \u00e0 escrita, \u00e0 literatura e \u00e0s bibliotecas e, para isso, prev\u00ea a forma\u00e7\u00e3o de pessoal e o fortalecimento dos acervos. &#8220;A gente acredita muito no livro como elemento transformador da sociedade, da educa\u00e7\u00e3o, do pa\u00eds&#8221;, defende.<\/p>\n\n\n\n<h2 class=\"wp-block-heading\">Dia Nacional do Livro<\/h2>\n\n\n\n<p>O Dia Nacional do Livro foi institu\u00eddo em homenagem \u00e0 funda\u00e7\u00e3o da Biblioteca Nacional &#8211; na \u00e9poca Real Biblioteca -, instalada oficialmente no Rio de Janeiro em 29 de outubro de 1810.&nbsp;<\/p>\n","protected":false},"excerpt":{"rendered":"<p>Um mercado em transforma\u00e7\u00e3o, com novos consumidores potenciais e a car\u00eancia de estrat\u00e9gias para a forma\u00e7\u00e3o de novos leitores \u00e9 a descri\u00e7\u00e3o do mercado liter\u00e1rio&hellip; <\/p>\n","protected":false},"author":1,"featured_media":130825,"comment_status":"closed","ping_status":"closed","sticky":false,"template":"","format":"standard","meta":{"sfsi_plus_gutenberg_text_before_share":"","sfsi_plus_gutenberg_show_text_before_share":"","sfsi_plus_gutenberg_icon_type":"","sfsi_plus_gutenberg_icon_alignemt":"","sfsi_plus_gutenburg_max_per_row":"","footnotes":""},"categories":[2],"tags":[],"class_list":["post-130823","post","type-post","status-publish","format-standard","has-post-thumbnail","hentry","category-geral"],"_links":{"self":[{"href":"https:\/\/www.caririemacao.com\/1\/wp-json\/wp\/v2\/posts\/130823","targetHints":{"allow":["GET"]}}],"collection":[{"href":"https:\/\/www.caririemacao.com\/1\/wp-json\/wp\/v2\/posts"}],"about":[{"href":"https:\/\/www.caririemacao.com\/1\/wp-json\/wp\/v2\/types\/post"}],"author":[{"embeddable":true,"href":"https:\/\/www.caririemacao.com\/1\/wp-json\/wp\/v2\/users\/1"}],"replies":[{"embeddable":true,"href":"https:\/\/www.caririemacao.com\/1\/wp-json\/wp\/v2\/comments?post=130823"}],"version-history":[{"count":1,"href":"https:\/\/www.caririemacao.com\/1\/wp-json\/wp\/v2\/posts\/130823\/revisions"}],"predecessor-version":[{"id":130826,"href":"https:\/\/www.caririemacao.com\/1\/wp-json\/wp\/v2\/posts\/130823\/revisions\/130826"}],"wp:featuredmedia":[{"embeddable":true,"href":"https:\/\/www.caririemacao.com\/1\/wp-json\/wp\/v2\/media\/130825"}],"wp:attachment":[{"href":"https:\/\/www.caririemacao.com\/1\/wp-json\/wp\/v2\/media?parent=130823"}],"wp:term":[{"taxonomy":"category","embeddable":true,"href":"https:\/\/www.caririemacao.com\/1\/wp-json\/wp\/v2\/categories?post=130823"},{"taxonomy":"post_tag","embeddable":true,"href":"https:\/\/www.caririemacao.com\/1\/wp-json\/wp\/v2\/tags?post=130823"}],"curies":[{"name":"wp","href":"https:\/\/api.w.org\/{rel}","templated":true}]}}