{"id":130842,"date":"2019-10-29T07:23:14","date_gmt":"2019-10-29T10:23:14","guid":{"rendered":"http:\/\/www.caririemacao.com\/1\/?p=130842"},"modified":"2019-10-29T07:23:14","modified_gmt":"2019-10-29T10:23:14","slug":"presidente-do-inep-fala-sobre-enem-no-programa-brasil-em-pauta","status":"publish","type":"post","link":"https:\/\/www.caririemacao.com\/1\/2019\/10\/29\/presidente-do-inep-fala-sobre-enem-no-programa-brasil-em-pauta\/","title":{"rendered":"Presidente do Inep fala sobre Enem no programa Brasil em Pauta"},"content":{"rendered":"\n<p>O presidente do Instituto Nacional de Estudos e Pesquisas Educacionais (Inep), Alexandre Lopes, \u00e9 o entrevistado de hoje (29) do programa&nbsp;<em>Brasil em Pauta<\/em>, da&nbsp;<strong>TV Brasil<\/strong>. Ele falar\u00e1 sobre o segundo maior exame do mundo, o Enem, que s\u00f3 este ano vai contar com 5,1 milh\u00f5es de participantes. O programa vai ao ar \u00e0s 22h.<\/p>\n\n\n\n<p>\u201cO Exame Nacional do Ensino M\u00e9dio \u00e9 muito importante para o jovem. \u00c9 a prova mais esperada do ano para os estudantes, quando eles definem o rumo da vida adulta, vai ser a porta de entrada na universidade. Ent\u00e3o, nosso maior desafio \u00e9 garantir que a prova seja aplicada com tranquilidade, possa dar esse empurr\u00e3o na vida do aluno\u201d, disseo presidente do Inep.<\/p>\n\n\n\n<p>A nota do Enem \u00e9 utilizada para a entrada em universidades privadas e p\u00fablicas e para a obten\u00e7\u00e3o de financiamentos por meio do Sistema de Sele\u00e7\u00e3o Unificada (Sisu) e do Programa Universidade para Todos (Prouni).<\/p>\n\n\n\n<p>O presidente do Inep abordou tamb\u00e9m a seguran\u00e7a do exame e as novidades para 2020. \u201cAs provas j\u00e1 est\u00e3o distribu\u00eddas, estamos preparados para o Enem 2019. E para o futuro, a gente quer continuar, partindo para o Enem Digital\u201d, garantiu.<\/p>\n\n\n\n<p>No programa, o presidente do Inep falou sobre a acessibilidade e o atendimento especializado para a prova deste ano, a divulga\u00e7\u00e3o de gabaritos, os resultados e sobre o Enem Digital, que come\u00e7a a ser aplicado em 2020, em fase piloto. A previs\u00e3o do governo \u00e9 abandonar as vers\u00f5es impressas em 2026.<\/p>\n","protected":false},"excerpt":{"rendered":"<p>O presidente do Instituto Nacional de Estudos e Pesquisas Educacionais (Inep), Alexandre Lopes, \u00e9 o entrevistado de hoje (29) do programa&nbsp;Brasil em Pauta, da&nbsp;TV Brasil.&hellip; <\/p>\n","protected":false},"author":1,"featured_media":89472,"comment_status":"closed","ping_status":"closed","sticky":false,"template":"","format":"standard","meta":{"sfsi_plus_gutenberg_text_before_share":"","sfsi_plus_gutenberg_show_text_before_share":"","sfsi_plus_gutenberg_icon_type":"","sfsi_plus_gutenberg_icon_alignemt":"","sfsi_plus_gutenburg_max_per_row":"","footnotes":""},"categories":[2],"tags":[],"class_list":["post-130842","post","type-post","status-publish","format-standard","has-post-thumbnail","hentry","category-geral"],"_links":{"self":[{"href":"https:\/\/www.caririemacao.com\/1\/wp-json\/wp\/v2\/posts\/130842","targetHints":{"allow":["GET"]}}],"collection":[{"href":"https:\/\/www.caririemacao.com\/1\/wp-json\/wp\/v2\/posts"}],"about":[{"href":"https:\/\/www.caririemacao.com\/1\/wp-json\/wp\/v2\/types\/post"}],"author":[{"embeddable":true,"href":"https:\/\/www.caririemacao.com\/1\/wp-json\/wp\/v2\/users\/1"}],"replies":[{"embeddable":true,"href":"https:\/\/www.caririemacao.com\/1\/wp-json\/wp\/v2\/comments?post=130842"}],"version-history":[{"count":1,"href":"https:\/\/www.caririemacao.com\/1\/wp-json\/wp\/v2\/posts\/130842\/revisions"}],"predecessor-version":[{"id":130843,"href":"https:\/\/www.caririemacao.com\/1\/wp-json\/wp\/v2\/posts\/130842\/revisions\/130843"}],"wp:featuredmedia":[{"embeddable":true,"href":"https:\/\/www.caririemacao.com\/1\/wp-json\/wp\/v2\/media\/89472"}],"wp:attachment":[{"href":"https:\/\/www.caririemacao.com\/1\/wp-json\/wp\/v2\/media?parent=130842"}],"wp:term":[{"taxonomy":"category","embeddable":true,"href":"https:\/\/www.caririemacao.com\/1\/wp-json\/wp\/v2\/categories?post=130842"},{"taxonomy":"post_tag","embeddable":true,"href":"https:\/\/www.caririemacao.com\/1\/wp-json\/wp\/v2\/tags?post=130842"}],"curies":[{"name":"wp","href":"https:\/\/api.w.org\/{rel}","templated":true}]}}