{"id":130852,"date":"2019-10-29T07:25:48","date_gmt":"2019-10-29T10:25:48","guid":{"rendered":"http:\/\/www.caririemacao.com\/1\/?p=130852"},"modified":"2019-10-29T07:25:48","modified_gmt":"2019-10-29T10:25:48","slug":"em-sume-prorrogadas-as-inscricoes-do-pss-para-agente-comunitario-de-saude","status":"publish","type":"post","link":"https:\/\/www.caririemacao.com\/1\/2019\/10\/29\/em-sume-prorrogadas-as-inscricoes-do-pss-para-agente-comunitario-de-saude\/","title":{"rendered":"Em Sum\u00e9: Prorrogadas as inscri\u00e7\u00f5es do PSS para Agente Comunit\u00e1rio de Sa\u00fade"},"content":{"rendered":"\n<p>Foram prorrogadas at\u00e9 o dia 31 de outubro, as inscri\u00e7\u00f5es do Processo Seletivo para Agente Comunit\u00e1rio de Sa\u00fade.<br>Somente poder\u00e3o participar do Processo Seletivo, candidatos que residam na \u00e1rea de abrang\u00eancia da unidade de sa\u00fade Frei Dami\u00e3o, desde a data da publica\u00e7\u00e3o oficial do PSS.<br>As inscri\u00e7\u00f5es devem ser feitas das 07h \u00e0s 13h, na sala da Coordena\u00e7\u00e3o da Aten\u00e7\u00e3o B\u00e1sica, sede da Secretaria Municipal de Sa\u00fade de Sum\u00e9. Para a inscri\u00e7\u00e3o no Processo Seletivo ser\u00e1 cobrado o valor de R$ 50,00, que dever\u00e1 ser pago no boleto banc\u00e1rio, exclusivamente no Banco do Brasil ou em um dos seus correspondentes banc\u00e1rios.<br>Est\u00e1 sendo ofertada uma vaga e a remunera\u00e7\u00e3o \u00e9 de R$ 1.250,00 para 40 horas semanais. O Edital com todas as informa\u00e7\u00f5es encontra-se dispon\u00edvel no site sume.pb.gov.br\/transparencia\/concurso.htm.<br>As provas ser\u00e3o realizadas no dia 24 de novembro de 2019, das 08h \u00e0s 11h, na Escola Municipal Maria Leite Rafael, localizado na Rua Vicente Preto, n\u00ba 289, no bairro Alto Alegre.<br>O Processo Seletivo tem validade de dois anos, prorrog\u00e1vel uma vez, por igual per\u00edodo, se houver candidatos aprovados e classificados e ainda n\u00e3o nomeados.<\/p>\n","protected":false},"excerpt":{"rendered":"<p>Foram prorrogadas at\u00e9 o dia 31 de outubro, as inscri\u00e7\u00f5es do Processo Seletivo para Agente Comunit\u00e1rio de Sa\u00fade.Somente poder\u00e3o participar do Processo Seletivo, candidatos que&hellip; <\/p>\n","protected":false},"author":1,"featured_media":130854,"comment_status":"closed","ping_status":"closed","sticky":false,"template":"","format":"standard","meta":{"sfsi_plus_gutenberg_text_before_share":"","sfsi_plus_gutenberg_show_text_before_share":"","sfsi_plus_gutenberg_icon_type":"","sfsi_plus_gutenberg_icon_alignemt":"","sfsi_plus_gutenburg_max_per_row":"","footnotes":""},"categories":[2],"tags":[],"class_list":["post-130852","post","type-post","status-publish","format-standard","has-post-thumbnail","hentry","category-geral"],"_links":{"self":[{"href":"https:\/\/www.caririemacao.com\/1\/wp-json\/wp\/v2\/posts\/130852","targetHints":{"allow":["GET"]}}],"collection":[{"href":"https:\/\/www.caririemacao.com\/1\/wp-json\/wp\/v2\/posts"}],"about":[{"href":"https:\/\/www.caririemacao.com\/1\/wp-json\/wp\/v2\/types\/post"}],"author":[{"embeddable":true,"href":"https:\/\/www.caririemacao.com\/1\/wp-json\/wp\/v2\/users\/1"}],"replies":[{"embeddable":true,"href":"https:\/\/www.caririemacao.com\/1\/wp-json\/wp\/v2\/comments?post=130852"}],"version-history":[{"count":1,"href":"https:\/\/www.caririemacao.com\/1\/wp-json\/wp\/v2\/posts\/130852\/revisions"}],"predecessor-version":[{"id":130855,"href":"https:\/\/www.caririemacao.com\/1\/wp-json\/wp\/v2\/posts\/130852\/revisions\/130855"}],"wp:featuredmedia":[{"embeddable":true,"href":"https:\/\/www.caririemacao.com\/1\/wp-json\/wp\/v2\/media\/130854"}],"wp:attachment":[{"href":"https:\/\/www.caririemacao.com\/1\/wp-json\/wp\/v2\/media?parent=130852"}],"wp:term":[{"taxonomy":"category","embeddable":true,"href":"https:\/\/www.caririemacao.com\/1\/wp-json\/wp\/v2\/categories?post=130852"},{"taxonomy":"post_tag","embeddable":true,"href":"https:\/\/www.caririemacao.com\/1\/wp-json\/wp\/v2\/tags?post=130852"}],"curies":[{"name":"wp","href":"https:\/\/api.w.org\/{rel}","templated":true}]}}