{"id":130862,"date":"2019-10-29T07:57:32","date_gmt":"2019-10-29T10:57:32","guid":{"rendered":"http:\/\/www.caririemacao.com\/1\/?p=130862"},"modified":"2019-10-29T07:57:32","modified_gmt":"2019-10-29T10:57:32","slug":"adolescente-fica-ferido-apos-ser-atingido-por-varios-tiros-em-catole-do-rocha","status":"publish","type":"post","link":"https:\/\/www.caririemacao.com\/1\/2019\/10\/29\/adolescente-fica-ferido-apos-ser-atingido-por-varios-tiros-em-catole-do-rocha\/","title":{"rendered":"Adolescente fica ferido ap\u00f3s ser atingido por v\u00e1rios tiros em Catol\u00e9 do Rocha"},"content":{"rendered":"\n<p>Um adolescente ficou ferido, na noite desta segunda-feira (28), ap\u00f3s ser atingido por v\u00e1rios disparos de arma de fogo, em Catol\u00e9 do Rocha, na Para\u00edba.&nbsp;De acordo com informa\u00e7\u00f5es, dois homens armados em uma motocicleta chegaram a um resid\u00eancia onde estava um casal de adolescentes.&nbsp;<\/p>\n\n\n\n<p>Ao avistar o casal, os suspeitos come\u00e7aram a atirar. O adolescente tentou fugir por\u00e9m foi atingido por v\u00e1rios tiros. Ap\u00f3s o crime a dupla fugiu.&nbsp;<\/p>\n\n\n\n<p>O adolescente foi socorrido para o Hospital de Catol\u00e9 do Rocha. O estado de sa\u00fade n\u00e3o foi divulgado.<\/p>\n\n\n\n<p>At\u00e9 o momento ningu\u00e9m foi preso.<\/p>\n","protected":false},"excerpt":{"rendered":"<p>Um adolescente ficou ferido, na noite desta segunda-feira (28), ap\u00f3s ser atingido por v\u00e1rios disparos de arma de fogo, em Catol\u00e9 do Rocha, na Para\u00edba.&nbsp;De&hellip; <\/p>\n","protected":false},"author":1,"featured_media":105260,"comment_status":"closed","ping_status":"closed","sticky":false,"template":"","format":"standard","meta":{"sfsi_plus_gutenberg_text_before_share":"","sfsi_plus_gutenberg_show_text_before_share":"","sfsi_plus_gutenberg_icon_type":"","sfsi_plus_gutenberg_icon_alignemt":"","sfsi_plus_gutenburg_max_per_row":"","footnotes":""},"categories":[12],"tags":[],"class_list":["post-130862","post","type-post","status-publish","format-standard","has-post-thumbnail","hentry","category-policia"],"_links":{"self":[{"href":"https:\/\/www.caririemacao.com\/1\/wp-json\/wp\/v2\/posts\/130862","targetHints":{"allow":["GET"]}}],"collection":[{"href":"https:\/\/www.caririemacao.com\/1\/wp-json\/wp\/v2\/posts"}],"about":[{"href":"https:\/\/www.caririemacao.com\/1\/wp-json\/wp\/v2\/types\/post"}],"author":[{"embeddable":true,"href":"https:\/\/www.caririemacao.com\/1\/wp-json\/wp\/v2\/users\/1"}],"replies":[{"embeddable":true,"href":"https:\/\/www.caririemacao.com\/1\/wp-json\/wp\/v2\/comments?post=130862"}],"version-history":[{"count":1,"href":"https:\/\/www.caririemacao.com\/1\/wp-json\/wp\/v2\/posts\/130862\/revisions"}],"predecessor-version":[{"id":130864,"href":"https:\/\/www.caririemacao.com\/1\/wp-json\/wp\/v2\/posts\/130862\/revisions\/130864"}],"wp:featuredmedia":[{"embeddable":true,"href":"https:\/\/www.caririemacao.com\/1\/wp-json\/wp\/v2\/media\/105260"}],"wp:attachment":[{"href":"https:\/\/www.caririemacao.com\/1\/wp-json\/wp\/v2\/media?parent=130862"}],"wp:term":[{"taxonomy":"category","embeddable":true,"href":"https:\/\/www.caririemacao.com\/1\/wp-json\/wp\/v2\/categories?post=130862"},{"taxonomy":"post_tag","embeddable":true,"href":"https:\/\/www.caririemacao.com\/1\/wp-json\/wp\/v2\/tags?post=130862"}],"curies":[{"name":"wp","href":"https:\/\/api.w.org\/{rel}","templated":true}]}}