{"id":130865,"date":"2019-10-29T08:01:02","date_gmt":"2019-10-29T11:01:02","guid":{"rendered":"http:\/\/www.caririemacao.com\/1\/?p=130865"},"modified":"2019-10-29T08:01:02","modified_gmt":"2019-10-29T11:01:02","slug":"mapa-define-defesos-adicionais-em-areas-atingidas-por-oleo-no-nordeste","status":"publish","type":"post","link":"https:\/\/www.caririemacao.com\/1\/2019\/10\/29\/mapa-define-defesos-adicionais-em-areas-atingidas-por-oleo-no-nordeste\/","title":{"rendered":"Mapa define defesos adicionais em \u00e1reas atingidas por \u00f3leo no Nordeste"},"content":{"rendered":"\n<p><br>O<em>&nbsp;Di\u00e1rio Oficial da Uni\u00e3o<\/em>&nbsp;publica nesta ter\u00e7a-feira (29)&nbsp;<a href=\"http:\/\/www.in.gov.br\/web\/dou\/-\/instrucao-normativa-n-52-de-25-de-outubro-de-2019-224154427\" target=\"_blank\" rel=\"noreferrer noopener\">instru\u00e7\u00e3o normativa<\/a>&nbsp;do Minist\u00e9rio da Agricultura, Pecu\u00e1ria e Abastecimento (Mapa) que estabelece excepcionalmente per\u00edodos de defeso adicionais para este ano nas atividades pesqueira nas \u00e1reas atingidas pelo \u00f3leo no Nordeste.<\/p>\n\n\n\n<p>De acordo com o documento, a medida decorre da \u201cgrave situa\u00e7\u00e3o ambiental resultante de prov\u00e1vel contamina\u00e7\u00e3o qu\u00edmica por derramamento de \u00f3leo no litoral da Regi\u00e3o Nordeste, proibindo a atividade pesqueira\u201d.<\/p>\n\n\n\n<figure class=\"wp-block-image\"><img decoding=\"async\" data-src=\"http:\/\/imagens.ebc.com.br\/WWYH1eCEU0R_EytaFXnvQA984Cw=\/754x0\/smart\/http:\/\/agenciabrasil.ebc.com.br\/sites\/default\/files\/thumbnails\/image\/2019-10-22t195814z_1258903274_rc1598eb9190_rtrmadp_3_brazil-environment-oil.jpg?itok=OoDPV8aE\" alt=\"Vista geral de um derramamento de \u00f3leo na praia de Peroba em Maragogi, estado de Alagoas, Brasil,  outubro de 2019. Foto tirada em 17 de outubro de 2019. REUTERS \/ Diego Nigro \" src=\"data:image\/svg+xml;base64,PHN2ZyB3aWR0aD0iMSIgaGVpZ2h0PSIxIiB4bWxucz0iaHR0cDovL3d3dy53My5vcmcvMjAwMC9zdmciPjwvc3ZnPg==\" class=\"lazyload\" \/><\/figure>\n\n\n\n<p>Vista geral de um derramamento de \u00f3leo na praia de Peroba em Maragogi,estado de Alagoas, Brasil, outubro de 2019. Foto tirada em 17 de outubro de 2019. REUTERS \/ Diego Nigro &#8211;&nbsp;<strong>REUTERS \/ Diego Nigro<\/strong><\/p>\n\n\n\n<p>Os per\u00edodos adicionais definidos, conforme normativas do Instituto Brasileiro do Meio Ambiente e dos Recursos Naturais Renov\u00e1veis (Ibama), v\u00e3o de 1\u00ba de novembro a 31 de dezembro deste ano.<\/p>\n\n\n\n<h2 class=\"wp-block-heading\">Seguro-defeso<\/h2>\n\n\n\n<p>Na semana passada, o minist\u00e9rio anunciou o pagamento de uma parcela do seguro-defeso em novembro para cerca de 60 mil pescadores artesanais afetados pelo vazamento de \u00f3leo.<\/p>\n\n\n\n<p>Segundo a pasta, ter\u00e3o direito ao benef\u00edcio os pescadores artesanais que receberam seguro-defeso este ano e exercem suas atividades nas \u00e1reas atingidas pelo \u00f3leo, de acordo com mapeamento do Instituto Brasileiro de Meio Ambiente e Recursos Naturais Renov\u00e1veis (Ibama).<\/p>\n\n\n\n<p>\u201cDurante o per\u00edodo de reprodu\u00e7\u00e3o das esp\u00e9cies, em que os pescadores n\u00e3o podem trabalhar, \u00e9 pago um sal\u00e1rio m\u00ednimo por m\u00eas de defeso. O seguro defeso varia de tr\u00eas a cinco meses por ano, dependendo da \u00e1rea de pesca e da esp\u00e9cie. O pagamento \u00e9 feito pelo Instituto Nacional do Seguro Social (INSS)\u201d, diz o minist\u00e9rio.<\/p>\n\n\n\n<h2 class=\"wp-block-heading\">Marinha recolhe \u00f3leo<\/h2>\n\n\n\n<p>Os navios da Marinha do Brasil recolheram, desde o in\u00edcio das a\u00e7\u00f5es de combate \u00e0s manchas de \u00f3leo no Nordeste, 2.700 quilos de res\u00edduos nos estados de Alagoas, Pernambuco, da Para\u00edba, do Rio Grande do Norte e Cear\u00e1, que comp\u00f5em a \u00e1rea de jurisdi\u00e7\u00e3o do Comando do 3\u00ba Distrito Naval, segundo informa\u00e7\u00e3o do comando da For\u00e7a.<\/p>\n","protected":false},"excerpt":{"rendered":"<p>O&nbsp;Di\u00e1rio Oficial da Uni\u00e3o&nbsp;publica nesta ter\u00e7a-feira (29)&nbsp;instru\u00e7\u00e3o normativa&nbsp;do Minist\u00e9rio da Agricultura, Pecu\u00e1ria e Abastecimento (Mapa) que estabelece excepcionalmente per\u00edodos de defeso adicionais para este ano&hellip; <\/p>\n","protected":false},"author":1,"featured_media":126591,"comment_status":"closed","ping_status":"closed","sticky":false,"template":"","format":"standard","meta":{"sfsi_plus_gutenberg_text_before_share":"","sfsi_plus_gutenberg_show_text_before_share":"","sfsi_plus_gutenberg_icon_type":"","sfsi_plus_gutenberg_icon_alignemt":"","sfsi_plus_gutenburg_max_per_row":"","footnotes":""},"categories":[2],"tags":[],"class_list":["post-130865","post","type-post","status-publish","format-standard","has-post-thumbnail","hentry","category-geral"],"_links":{"self":[{"href":"https:\/\/www.caririemacao.com\/1\/wp-json\/wp\/v2\/posts\/130865","targetHints":{"allow":["GET"]}}],"collection":[{"href":"https:\/\/www.caririemacao.com\/1\/wp-json\/wp\/v2\/posts"}],"about":[{"href":"https:\/\/www.caririemacao.com\/1\/wp-json\/wp\/v2\/types\/post"}],"author":[{"embeddable":true,"href":"https:\/\/www.caririemacao.com\/1\/wp-json\/wp\/v2\/users\/1"}],"replies":[{"embeddable":true,"href":"https:\/\/www.caririemacao.com\/1\/wp-json\/wp\/v2\/comments?post=130865"}],"version-history":[{"count":1,"href":"https:\/\/www.caririemacao.com\/1\/wp-json\/wp\/v2\/posts\/130865\/revisions"}],"predecessor-version":[{"id":130868,"href":"https:\/\/www.caririemacao.com\/1\/wp-json\/wp\/v2\/posts\/130865\/revisions\/130868"}],"wp:featuredmedia":[{"embeddable":true,"href":"https:\/\/www.caririemacao.com\/1\/wp-json\/wp\/v2\/media\/126591"}],"wp:attachment":[{"href":"https:\/\/www.caririemacao.com\/1\/wp-json\/wp\/v2\/media?parent=130865"}],"wp:term":[{"taxonomy":"category","embeddable":true,"href":"https:\/\/www.caririemacao.com\/1\/wp-json\/wp\/v2\/categories?post=130865"},{"taxonomy":"post_tag","embeddable":true,"href":"https:\/\/www.caririemacao.com\/1\/wp-json\/wp\/v2\/tags?post=130865"}],"curies":[{"name":"wp","href":"https:\/\/api.w.org\/{rel}","templated":true}]}}