{"id":130896,"date":"2019-10-29T08:36:40","date_gmt":"2019-10-29T11:36:40","guid":{"rendered":"http:\/\/www.caririemacao.com\/1\/?p=130896"},"modified":"2019-10-29T08:38:43","modified_gmt":"2019-10-29T11:38:43","slug":"caneta-azul-autor-de-musica-vai-a-cartorio-registrar-direitos-autorais-do-hit","status":"publish","type":"post","link":"https:\/\/www.caririemacao.com\/1\/2019\/10\/29\/caneta-azul-autor-de-musica-vai-a-cartorio-registrar-direitos-autorais-do-hit\/","title":{"rendered":"Caneta Azul: Autor de m\u00fasica vai a cart\u00f3rio registrar direitos autorais do hit"},"content":{"rendered":"\n<p>O autor da m\u00fasica &#8216;Caneta Azul&#8217; foi nesta segunda-feira (28), a um cart\u00f3rio na cidade de Balsas (MA), onde mora&nbsp;para dar in\u00edcio ao processo de registro dos direitos autorais.&nbsp;Manoel Gomes foi ao cart\u00f3rio acompanhado de seu advogado Arnaldo Gomes, e aproveitou para solicitar tamb\u00e9m o registro de outra composi\u00e7\u00e3o de sua autoria \u201cVou Deixar de Ser Besta\u201d.<\/p>\n\n\n\n<ul class=\"wp-block-list\"><li><a href=\"https:\/\/www.clickpb.com.br\/brasil\/maranhense-viraliza-na-internet-com-musica-sobre-caneta-azul-que-ganhou-versao-de-tirullipa-270687.html\">Maranhense viraliza na internet com m\u00fasica sobre caneta azul que ganhou vers\u00e3o de Tirullipa<\/a><\/li><\/ul>\n\n\n\n<p>A can\u00e7\u00e3o come\u00e7ou a viralizar quando o comediante Tirulipa gravou uma<br>vers\u00e3o pr\u00f3pria nos Stories do Instagram.&nbsp;<a href=\"https:\/\/www.correio24horas.com.br\/noticia\/nid\/autor-de-caneta-azul-vai-a-cartorio-registrar-direitos-autorais-do-hit\/\">Rodrigo Faro, Wesley Safad\u00e3o<\/a>&nbsp;e<br>Tiririca entraram na onda.<\/p>\n\n\n\n<p>Al\u00e9m do sucesso nas redes sociais, ele foi convidado para participar de shows com alguns artistas. No \u00faltimo s\u00e1bado (26), dividiu palco com Thiago Brava, em Palmas (TO).<\/p>\n\n\n\n<p><\/p>\n\n\n\n<p><\/p>\n","protected":false},"excerpt":{"rendered":"<p>O autor da m\u00fasica &#8216;Caneta Azul&#8217; foi nesta segunda-feira (28), a um cart\u00f3rio na cidade de Balsas (MA), onde mora&nbsp;para dar in\u00edcio ao processo de&hellip; <\/p>\n","protected":false},"author":1,"featured_media":130903,"comment_status":"closed","ping_status":"closed","sticky":false,"template":"","format":"standard","meta":{"sfsi_plus_gutenberg_text_before_share":"","sfsi_plus_gutenberg_show_text_before_share":"","sfsi_plus_gutenberg_icon_type":"","sfsi_plus_gutenberg_icon_alignemt":"","sfsi_plus_gutenburg_max_per_row":"","footnotes":""},"categories":[2],"tags":[],"class_list":["post-130896","post","type-post","status-publish","format-standard","has-post-thumbnail","hentry","category-geral"],"_links":{"self":[{"href":"https:\/\/www.caririemacao.com\/1\/wp-json\/wp\/v2\/posts\/130896","targetHints":{"allow":["GET"]}}],"collection":[{"href":"https:\/\/www.caririemacao.com\/1\/wp-json\/wp\/v2\/posts"}],"about":[{"href":"https:\/\/www.caririemacao.com\/1\/wp-json\/wp\/v2\/types\/post"}],"author":[{"embeddable":true,"href":"https:\/\/www.caririemacao.com\/1\/wp-json\/wp\/v2\/users\/1"}],"replies":[{"embeddable":true,"href":"https:\/\/www.caririemacao.com\/1\/wp-json\/wp\/v2\/comments?post=130896"}],"version-history":[{"count":1,"href":"https:\/\/www.caririemacao.com\/1\/wp-json\/wp\/v2\/posts\/130896\/revisions"}],"predecessor-version":[{"id":130898,"href":"https:\/\/www.caririemacao.com\/1\/wp-json\/wp\/v2\/posts\/130896\/revisions\/130898"}],"wp:featuredmedia":[{"embeddable":true,"href":"https:\/\/www.caririemacao.com\/1\/wp-json\/wp\/v2\/media\/130903"}],"wp:attachment":[{"href":"https:\/\/www.caririemacao.com\/1\/wp-json\/wp\/v2\/media?parent=130896"}],"wp:term":[{"taxonomy":"category","embeddable":true,"href":"https:\/\/www.caririemacao.com\/1\/wp-json\/wp\/v2\/categories?post=130896"},{"taxonomy":"post_tag","embeddable":true,"href":"https:\/\/www.caririemacao.com\/1\/wp-json\/wp\/v2\/tags?post=130896"}],"curies":[{"name":"wp","href":"https:\/\/api.w.org\/{rel}","templated":true}]}}