{"id":130910,"date":"2019-10-29T08:40:13","date_gmt":"2019-10-29T11:40:13","guid":{"rendered":"http:\/\/www.caririemacao.com\/1\/?p=130910"},"modified":"2019-10-29T08:40:13","modified_gmt":"2019-10-29T11:40:13","slug":"prefeito-cancela-show-de-marcia-fellipe-na-festa-da-luz-em-guarabira-por-causa-de-comentario-da-cantora-sobre-irma-dulce","status":"publish","type":"post","link":"https:\/\/www.caririemacao.com\/1\/2019\/10\/29\/prefeito-cancela-show-de-marcia-fellipe-na-festa-da-luz-em-guarabira-por-causa-de-comentario-da-cantora-sobre-irma-dulce\/","title":{"rendered":"Prefeito cancela show de M\u00e1rcia Fellipe na Festa da Luz em Guarabira por causa de coment\u00e1rio da cantora sobre Irm\u00e3 Dulce"},"content":{"rendered":"\n<p> O prefeito interino Marcos Diogo, de Guarabira, cancelou nesta segunda-feira (28) o show de M\u00e1rcia Fellipe na Festa da Luz 2020. A decis\u00e3o veio ap\u00f3s pol\u00eamica declara\u00e7\u00e3o da cantora de que apenas Jesus \u00e9 santo, ao comentar a canoniza\u00e7\u00e3o da Irm\u00e3 Dulce, primeira santa brasileira canonizada em outubro deste ano.<br>Na postagem feita em seu perfil no Instagram, ela comentou: \u201cAjudar o pr\u00f3ximo, sim! Mas n\u00e3o faz nenhum ser humano ser \u2018santo\u2019. Santo s\u00f3 o senhor Jesus Cristo. N\u00e3o se deixem enganar (leiam a B\u00edblia). \u2018E conhecereis a verdade, e a verdade vos libertar\u00e1\u2019. Jo\u00e3o 8:32\u201d, citando um vers\u00edculo b\u00edblico.<br>Os internautas n\u00e3o perdoaram a fala da artista e pediram respeito as diversas religi\u00f5es existentes no pa\u00eds, que \u00e9 considerado um dos mais sincr\u00e9ticos do mundo. \u201cRid\u00edcula, que falta de respeito. Quem \u00e9 voc\u00ea para dizer o que \u00e9 certo e o que \u00e9 errado? L\u00ea a b\u00edblia inteira e n\u00e3o sabe o significado de cada palavra. Sua leitura foi em v\u00e3o. Leia novamente e compreenda as suas palavras, voc\u00ea n\u00e3o \u00e9 digna de dizer nada. Respeite a religi\u00e3o dos outros. N\u00e3o nos metemos na sua\u201d, escreveu um seguidor da p\u00e1gina.<br>\u201cCad\u00ea o respeito pela religi\u00e3o dos outros?\u201d; \u201cVoc\u00ea s\u00f3 tem e diz que l\u00ea a B\u00edblia por conta dos cat\u00f3licos. Ent\u00e3o, linda, n\u00e3o s\u00f3 leia e decore. Estude cada palavra\u201d; \u201cVive mostrando o corpo em todo lugar, essas m\u00fasicas rid\u00edculas e vulgar e vem aqui comentar uma coisa dessas\u201d; \u201cRespeite a f\u00e9 das pessoas\u201d e \u201cCante menos e estude mais a B\u00edblia meu amor\u201d, foram alguns entre a centena de coment\u00e1rios detonando M\u00e1rcia Fellipe.<br><\/p>\n","protected":false},"excerpt":{"rendered":"<p>O prefeito interino Marcos Diogo, de Guarabira, cancelou nesta segunda-feira (28) o show de M\u00e1rcia Fellipe na Festa da Luz 2020. A decis\u00e3o veio ap\u00f3s&hellip; <\/p>\n","protected":false},"author":1,"featured_media":130912,"comment_status":"closed","ping_status":"closed","sticky":false,"template":"","format":"standard","meta":{"sfsi_plus_gutenberg_text_before_share":"","sfsi_plus_gutenberg_show_text_before_share":"","sfsi_plus_gutenberg_icon_type":"","sfsi_plus_gutenberg_icon_alignemt":"","sfsi_plus_gutenburg_max_per_row":"","footnotes":""},"categories":[2],"tags":[],"class_list":["post-130910","post","type-post","status-publish","format-standard","has-post-thumbnail","hentry","category-geral"],"_links":{"self":[{"href":"https:\/\/www.caririemacao.com\/1\/wp-json\/wp\/v2\/posts\/130910","targetHints":{"allow":["GET"]}}],"collection":[{"href":"https:\/\/www.caririemacao.com\/1\/wp-json\/wp\/v2\/posts"}],"about":[{"href":"https:\/\/www.caririemacao.com\/1\/wp-json\/wp\/v2\/types\/post"}],"author":[{"embeddable":true,"href":"https:\/\/www.caririemacao.com\/1\/wp-json\/wp\/v2\/users\/1"}],"replies":[{"embeddable":true,"href":"https:\/\/www.caririemacao.com\/1\/wp-json\/wp\/v2\/comments?post=130910"}],"version-history":[{"count":1,"href":"https:\/\/www.caririemacao.com\/1\/wp-json\/wp\/v2\/posts\/130910\/revisions"}],"predecessor-version":[{"id":130913,"href":"https:\/\/www.caririemacao.com\/1\/wp-json\/wp\/v2\/posts\/130910\/revisions\/130913"}],"wp:featuredmedia":[{"embeddable":true,"href":"https:\/\/www.caririemacao.com\/1\/wp-json\/wp\/v2\/media\/130912"}],"wp:attachment":[{"href":"https:\/\/www.caririemacao.com\/1\/wp-json\/wp\/v2\/media?parent=130910"}],"wp:term":[{"taxonomy":"category","embeddable":true,"href":"https:\/\/www.caririemacao.com\/1\/wp-json\/wp\/v2\/categories?post=130910"},{"taxonomy":"post_tag","embeddable":true,"href":"https:\/\/www.caririemacao.com\/1\/wp-json\/wp\/v2\/tags?post=130910"}],"curies":[{"name":"wp","href":"https:\/\/api.w.org\/{rel}","templated":true}]}}