{"id":130946,"date":"2019-10-29T09:48:45","date_gmt":"2019-10-29T12:48:45","guid":{"rendered":"http:\/\/www.caririemacao.com\/1\/?p=130946"},"modified":"2019-10-29T09:48:45","modified_gmt":"2019-10-29T12:48:45","slug":"goleiro-bruno-tem-contrato-rescindido-apos-45-minutos-em-campo","status":"publish","type":"post","link":"https:\/\/www.caririemacao.com\/1\/2019\/10\/29\/goleiro-bruno-tem-contrato-rescindido-apos-45-minutos-em-campo\/","title":{"rendered":"Goleiro Bruno tem contrato rescindido ap\u00f3s 45 minutos em campo"},"content":{"rendered":"\n<p>Vinte e tr\u00eas dias depois da apresenta\u00e7\u00e3o e da estreia, na qual foi ovacionado em campo e posou para selfies com torcedores, Bruno Fernandes, 34, rescindiu o contrato com o Po\u00e7os de Caldas FC, time da cidade hom\u00f4nima, em Minas Gerais. A informa\u00e7\u00e3o foi confirmada pelo presidente do clube nesta segunda-feira (28).<br><\/p>\n\n\n\n<p>Bruno disputou apenas uma partida com o time, a sua estreia no dia 5 de outubro. A reportagem tentou contato com a advogada dele, mas n\u00e3o teve retorno.<\/p>\n\n\n\n<p>O ex-goleiro do Flamengo conseguiu progress\u00e3o ao regime semiaberto em julho. Ele cumpre pena de 20 anos e nove meses pelo assassinato de Eliza Samudio, ocorrido em 2010.<\/p>\n\n\n\n<p>A pena inicial era de 22 anos e tr\u00eas meses, mas foi reduzida pela prescri\u00e7\u00e3o do crime de oculta\u00e7\u00e3o de cad\u00e1ver. Em setembro de 2017, o Tribunal de Justi\u00e7a de Minas Gerais validou a certid\u00e3o de \u00f3bito de Eliza. O corpo dela nunca foi encontrado.<\/p>\n\n\n\n<p>Segundo o presidente Paulo C\u00e9sar da Silva, a decis\u00e3o foi um consenso dos dois lados e eles ainda v\u00e3o discutir detalhes da rescis\u00e3o. O contrato era v\u00e1lido at\u00e9 janeiro de 2020.<\/p>\n\n\n\n<p>&#8220;A gente n\u00e3o consegue contar com o atleta. \u00c9 complicado, entendeu? Em 60 dias de contrato, ele jogou 45 minutos, a Justi\u00e7a n\u00e3o libera para ele treinar. \u00c9 uma coisa que se torna dif\u00edcil para o clube, voc\u00ea manter um sal\u00e1rio alto de um jogador do n\u00edvel dele para n\u00e3o usar&#8221;, afirmou Paulo C\u00e9sar \u00e0 Folha de S.Paulo.<\/p>\n\n\n\n<p>Paulo C\u00e9sar disse ainda que a Justi\u00e7a negou pedidos da defesa de Bruno para que ele pudesse treinar em Po\u00e7os de Caldas e jogar com o time em cidades vizinhas. A estreia dele chegou a ser adiada em setembro por quest\u00f5es legais. O Tribunal de Justi\u00e7a de Minas Gerais n\u00e3o retornou ao contato.<\/p>\n\n\n\n<p>Ao jornal O Tempo, a advogada de Bruno disse que o contrato foi desfeito porque o clube n\u00e3o pagou o sal\u00e1rio e n\u00e3o cumpriu com obriga\u00e7\u00f5es acordadas. Ela afirmou ainda que ele estaria analisando outras propostas.<\/p>\n\n\n\n<p>Em 2017, Bruno assinou com o Boa Esporte, de Varginha, mas voltou \u00e0 pris\u00e3o depois de dois meses por determina\u00e7\u00e3o da Justi\u00e7a.&nbsp;<\/p>\n\n\n\n<p>O sal\u00e1rio de Bruno era o mais alto do elenco, disse Paulo C\u00e9sar. Ele n\u00e3o quis revelar valores, alegando quest\u00f5es de contrato. &#8220;Mas n\u00e3o \u00e9 um jogador barato, n\u00e3o. \u00c9 um jogador caro&#8221;, salientou.<\/p>\n\n\n\n<p>O Po\u00e7os de Caldas FC n\u00e3o tem renda atual, segundo o presidente, e as entradas dos jogos costumam ser doa\u00e7\u00f5es em alimentos. Al\u00e9m do sal\u00e1rio, o clube alugava um local para que Bruno treinasse em Varginha, cidade onde cumpre pena, e o combust\u00edvel das viagens.<\/p>\n\n\n\n<p>O clube, que ficou parado por um ano e sete meses, deve disputar a terceira divis\u00e3o do campeonato mineiro no ano que vem. Isso s\u00f3 ocorrer\u00e1 no segundo semestre. A comiss\u00e3o t\u00e9cnica tamb\u00e9m deixou o clube nas \u00faltimas semanas por quest\u00f5es de valores.<\/p>\n\n\n\n<p>Paulo C\u00e9sar alega que os jogadores da equipe n\u00e3o est\u00e3o inscritos na federa\u00e7\u00e3o, porque ainda est\u00e3o sendo avaliados, para s\u00f3 depois terem contrato assinado.<\/p>\n\n\n\n<p>&#8220;Quem sabe tenha a possibilidade de [Bruno] disputar o mineiro conosco, se n\u00e3o tiver nenhum clube. Mais para a frente o clube vai ter caixa, vai estar mais organizado&#8221;, afirmou o dirigente.<\/p>\n","protected":false},"excerpt":{"rendered":"<p>Vinte e tr\u00eas dias depois da apresenta\u00e7\u00e3o e da estreia, na qual foi ovacionado em campo e posou para selfies com torcedores, Bruno Fernandes, 34,&hellip; <\/p>\n","protected":false},"author":1,"featured_media":130949,"comment_status":"closed","ping_status":"closed","sticky":false,"template":"","format":"standard","meta":{"sfsi_plus_gutenberg_text_before_share":"","sfsi_plus_gutenberg_show_text_before_share":"","sfsi_plus_gutenberg_icon_type":"","sfsi_plus_gutenberg_icon_alignemt":"","sfsi_plus_gutenburg_max_per_row":"","footnotes":""},"categories":[13],"tags":[],"class_list":["post-130946","post","type-post","status-publish","format-standard","has-post-thumbnail","hentry","category-esportes"],"_links":{"self":[{"href":"https:\/\/www.caririemacao.com\/1\/wp-json\/wp\/v2\/posts\/130946","targetHints":{"allow":["GET"]}}],"collection":[{"href":"https:\/\/www.caririemacao.com\/1\/wp-json\/wp\/v2\/posts"}],"about":[{"href":"https:\/\/www.caririemacao.com\/1\/wp-json\/wp\/v2\/types\/post"}],"author":[{"embeddable":true,"href":"https:\/\/www.caririemacao.com\/1\/wp-json\/wp\/v2\/users\/1"}],"replies":[{"embeddable":true,"href":"https:\/\/www.caririemacao.com\/1\/wp-json\/wp\/v2\/comments?post=130946"}],"version-history":[{"count":1,"href":"https:\/\/www.caririemacao.com\/1\/wp-json\/wp\/v2\/posts\/130946\/revisions"}],"predecessor-version":[{"id":130950,"href":"https:\/\/www.caririemacao.com\/1\/wp-json\/wp\/v2\/posts\/130946\/revisions\/130950"}],"wp:featuredmedia":[{"embeddable":true,"href":"https:\/\/www.caririemacao.com\/1\/wp-json\/wp\/v2\/media\/130949"}],"wp:attachment":[{"href":"https:\/\/www.caririemacao.com\/1\/wp-json\/wp\/v2\/media?parent=130946"}],"wp:term":[{"taxonomy":"category","embeddable":true,"href":"https:\/\/www.caririemacao.com\/1\/wp-json\/wp\/v2\/categories?post=130946"},{"taxonomy":"post_tag","embeddable":true,"href":"https:\/\/www.caririemacao.com\/1\/wp-json\/wp\/v2\/tags?post=130946"}],"curies":[{"name":"wp","href":"https:\/\/api.w.org\/{rel}","templated":true}]}}