{"id":131011,"date":"2019-10-29T13:31:47","date_gmt":"2019-10-29T16:31:47","guid":{"rendered":"http:\/\/www.caririemacao.com\/1\/?p=131011"},"modified":"2019-10-29T13:31:47","modified_gmt":"2019-10-29T16:31:47","slug":"prefeitura-de-monteiro-inicia-pagamento-dos-servidores-nesta-terca-feira","status":"publish","type":"post","link":"https:\/\/www.caririemacao.com\/1\/2019\/10\/29\/prefeitura-de-monteiro-inicia-pagamento-dos-servidores-nesta-terca-feira\/","title":{"rendered":"Prefeitura de Monteiro inicia pagamento dos servidores nesta ter\u00e7a-feira"},"content":{"rendered":"\n<p>A Prefeitura Municipal de Monteiro iniciou nesta ter\u00e7a-feira, 29, o pagamento dos servidores municipais, referente ao m\u00eas de outubro. Inicialmente recebem os servidores aposentados e pensionistas.<\/p>\n\n\n\n<p>Na quarta-feira, 30, ser\u00e3o liberados os recursos dos servidores lotados na Secretaria de Educa\u00e7\u00e3o e na quinta-feira, dia 31, podem sacar os vencimentos os demais servidores municipais. No total a folha mensal da Prefeitura de Monteiro gira em torno de R$ 2,2 milh\u00f5es, o que aquece a economia local.<\/p>\n\n\n\n<p>A Secretaria de Finan\u00e7as informa aos servidores em geral, que devido a implanta\u00e7\u00e3o do novo sistema da Prefeitura de Monteiro com a institui\u00e7\u00e3o do Banco Bradesco, pode ocorrer do cr\u00e9dito s\u00f3 acontecer ap\u00f3s o meio-dia.<\/p>\n\n\n\n<p>Desde o ano de 2018 a folha salarial dos servidores municipais vem sendo paga em tr\u00eas dias, com o intuito de evitar um maior volume de recursos em caixa, uma vez que al\u00e9m da Prefeitura de Monteiro, outros munic\u00edpios e o Governo do Estado pagam suas folhas salariais.<\/p>\n\n\n\n<p>A comodidade em evitar longas filas e diminuir o risco de assaltos \u00e0 ag\u00eancia banc\u00e1ria tamb\u00e9m s\u00e3o preocupa\u00e7\u00f5es tanto da Prefeitura de Monteiro quanto do pr\u00f3prio Bradesco, em rela\u00e7\u00e3o aos clientes que podem realizar seus saques nas duas ag\u00eancias localizadas no centro da cidade.<\/p>\n","protected":false},"excerpt":{"rendered":"<p>A Prefeitura Municipal de Monteiro iniciou nesta ter\u00e7a-feira, 29, o pagamento dos servidores municipais, referente ao m\u00eas de outubro. Inicialmente recebem os servidores aposentados e&hellip; <\/p>\n","protected":false},"author":1,"featured_media":91528,"comment_status":"closed","ping_status":"closed","sticky":false,"template":"","format":"standard","meta":{"sfsi_plus_gutenberg_text_before_share":"","sfsi_plus_gutenberg_show_text_before_share":"","sfsi_plus_gutenberg_icon_type":"","sfsi_plus_gutenberg_icon_alignemt":"","sfsi_plus_gutenburg_max_per_row":"","footnotes":""},"categories":[6,50],"tags":[],"class_list":["post-131011","post","type-post","status-publish","format-standard","has-post-thumbnail","hentry","category-cidades","category-destaque"],"_links":{"self":[{"href":"https:\/\/www.caririemacao.com\/1\/wp-json\/wp\/v2\/posts\/131011","targetHints":{"allow":["GET"]}}],"collection":[{"href":"https:\/\/www.caririemacao.com\/1\/wp-json\/wp\/v2\/posts"}],"about":[{"href":"https:\/\/www.caririemacao.com\/1\/wp-json\/wp\/v2\/types\/post"}],"author":[{"embeddable":true,"href":"https:\/\/www.caririemacao.com\/1\/wp-json\/wp\/v2\/users\/1"}],"replies":[{"embeddable":true,"href":"https:\/\/www.caririemacao.com\/1\/wp-json\/wp\/v2\/comments?post=131011"}],"version-history":[{"count":1,"href":"https:\/\/www.caririemacao.com\/1\/wp-json\/wp\/v2\/posts\/131011\/revisions"}],"predecessor-version":[{"id":131012,"href":"https:\/\/www.caririemacao.com\/1\/wp-json\/wp\/v2\/posts\/131011\/revisions\/131012"}],"wp:featuredmedia":[{"embeddable":true,"href":"https:\/\/www.caririemacao.com\/1\/wp-json\/wp\/v2\/media\/91528"}],"wp:attachment":[{"href":"https:\/\/www.caririemacao.com\/1\/wp-json\/wp\/v2\/media?parent=131011"}],"wp:term":[{"taxonomy":"category","embeddable":true,"href":"https:\/\/www.caririemacao.com\/1\/wp-json\/wp\/v2\/categories?post=131011"},{"taxonomy":"post_tag","embeddable":true,"href":"https:\/\/www.caririemacao.com\/1\/wp-json\/wp\/v2\/tags?post=131011"}],"curies":[{"name":"wp","href":"https:\/\/api.w.org\/{rel}","templated":true}]}}