{"id":131014,"date":"2019-10-29T13:33:46","date_gmt":"2019-10-29T16:33:46","guid":{"rendered":"http:\/\/www.caririemacao.com\/1\/?p=131014"},"modified":"2019-10-29T13:33:46","modified_gmt":"2019-10-29T16:33:46","slug":"centenas-de-alunos-do-cariri-assistem-aulao-para-o-enem-em-integracao-das-redes-de-ensino","status":"publish","type":"post","link":"https:\/\/www.caririemacao.com\/1\/2019\/10\/29\/centenas-de-alunos-do-cariri-assistem-aulao-para-o-enem-em-integracao-das-redes-de-ensino\/","title":{"rendered":"Centenas de alunos do Cariri assistem Aul\u00e3o para o Enem em integra\u00e7\u00e3o das redes de ensino"},"content":{"rendered":"\n<p>Cerca de 200 alunos das redes p\u00fablica e privada de ensino do Cariri da Para\u00edba se reuniram nesta ter\u00e7a-feira (29), na cidade de Monteiro. Eles est\u00e3o assistindo um Aul\u00e3o que refor\u00e7a os ensinos de Linguagens e C\u00f3digos e Ci\u00eancias Exatas. At\u00e9 o final da manh\u00e3, os alunos estar\u00e3o preparados para enfrentar a prova do Enem, nos dias 3 e 10 de novembro deste ano.<\/p>\n\n\n\n<p>Como Monteiro e todo o Cariri \u00e9 art\u00edstico, durante a pausa do Aul\u00e3o, houve o Intervalo Cultural com apresenta\u00e7\u00f5es art\u00edsticas. O evento ser\u00e1 encerrado com um psic\u00f3logo que trar\u00e1 uma mensagem motivacional e de incentivo aos alunos. Outro servi\u00e7o est\u00e1 sendo feito no Aul\u00e3o. O SINE PB faz encaminhamento profissional, cadastro e orienta\u00e7\u00e3o sobre curr\u00edculo.<\/p>\n\n\n\n<p>O Aul\u00e3o teve a idealiza\u00e7\u00e3o de um morador da cidade, Caio N\u00f3brega. \u201cO evento foi abra\u00e7ado pela prefeitura de Monteiro e tamb\u00e9m pelo diretor de Ensino do Instituto Federal da Para\u00edba (IFPB) campus Monteiro, Abra\u00e3o Rom\u00e3o Batista. Estamos promovendo a interliga\u00e7\u00e3o das redes de educa\u00e7\u00e3o, al\u00e9m de preparar nossos estudantes e promover uma presta\u00e7\u00e3o de servi\u00e7os\u201d, comentou.<\/p>\n\n\n\n<p>A iniciativa foi \u00fanica e reuniu todas as redes de ensino tamb\u00e9m das cidades de Sum\u00e9 e Prata, vizinhas de Monteiro. A aluna Raissa Oliveira, do 3\u00ba ano do IFPB, gostou do Aul\u00e3o. \u201cFoi importante participar deste Aul\u00e3o. Nos sentimos mais fortes para enfrentar a prova com essas dicas que nos s\u00e3o passadas por t\u00e3o bons profissionais\u201d, falou.<\/p>\n\n\n\n<p>Vald\u00edvia Costa<\/p>\n","protected":false},"excerpt":{"rendered":"<p>Cerca de 200 alunos das redes p\u00fablica e privada de ensino do Cariri da Para\u00edba se reuniram nesta ter\u00e7a-feira (29), na cidade de Monteiro. Eles&hellip; <\/p>\n","protected":false},"author":1,"featured_media":131015,"comment_status":"closed","ping_status":"closed","sticky":false,"template":"","format":"standard","meta":{"sfsi_plus_gutenberg_text_before_share":"","sfsi_plus_gutenberg_show_text_before_share":"","sfsi_plus_gutenberg_icon_type":"","sfsi_plus_gutenberg_icon_alignemt":"","sfsi_plus_gutenburg_max_per_row":"","footnotes":""},"categories":[14],"tags":[],"class_list":["post-131014","post","type-post","status-publish","format-standard","has-post-thumbnail","hentry","category-educacao"],"_links":{"self":[{"href":"https:\/\/www.caririemacao.com\/1\/wp-json\/wp\/v2\/posts\/131014","targetHints":{"allow":["GET"]}}],"collection":[{"href":"https:\/\/www.caririemacao.com\/1\/wp-json\/wp\/v2\/posts"}],"about":[{"href":"https:\/\/www.caririemacao.com\/1\/wp-json\/wp\/v2\/types\/post"}],"author":[{"embeddable":true,"href":"https:\/\/www.caririemacao.com\/1\/wp-json\/wp\/v2\/users\/1"}],"replies":[{"embeddable":true,"href":"https:\/\/www.caririemacao.com\/1\/wp-json\/wp\/v2\/comments?post=131014"}],"version-history":[{"count":1,"href":"https:\/\/www.caririemacao.com\/1\/wp-json\/wp\/v2\/posts\/131014\/revisions"}],"predecessor-version":[{"id":131016,"href":"https:\/\/www.caririemacao.com\/1\/wp-json\/wp\/v2\/posts\/131014\/revisions\/131016"}],"wp:featuredmedia":[{"embeddable":true,"href":"https:\/\/www.caririemacao.com\/1\/wp-json\/wp\/v2\/media\/131015"}],"wp:attachment":[{"href":"https:\/\/www.caririemacao.com\/1\/wp-json\/wp\/v2\/media?parent=131014"}],"wp:term":[{"taxonomy":"category","embeddable":true,"href":"https:\/\/www.caririemacao.com\/1\/wp-json\/wp\/v2\/categories?post=131014"},{"taxonomy":"post_tag","embeddable":true,"href":"https:\/\/www.caririemacao.com\/1\/wp-json\/wp\/v2\/tags?post=131014"}],"curies":[{"name":"wp","href":"https:\/\/api.w.org\/{rel}","templated":true}]}}