{"id":131020,"date":"2019-10-29T13:36:39","date_gmt":"2019-10-29T16:36:39","guid":{"rendered":"http:\/\/www.caririemacao.com\/1\/?p=131020"},"modified":"2019-10-29T13:36:39","modified_gmt":"2019-10-29T16:36:39","slug":"endividamento-cai-pela-primeira-vez-em-2019","status":"publish","type":"post","link":"https:\/\/www.caririemacao.com\/1\/2019\/10\/29\/endividamento-cai-pela-primeira-vez-em-2019\/","title":{"rendered":"Endividamento cai pela primeira vez em 2019"},"content":{"rendered":"\n<p>O n\u00famero de endividados no Pa\u00eds caiu em outubro, em compara\u00e7\u00e3o com setembro, interrompendo uma sequ\u00eancia de nove meses consecutivos de alta e registrando a primeira queda no ano. Segundo a Pesquisa de Endividamento e Inadimpl\u00eancia do Consumidor (Peic), da Confedera\u00e7\u00e3o Nacional do Com\u00e9rcio de Bens, Servi\u00e7os e Turismo (CNC), 64,7% do total de fam\u00edlias relatou ter d\u00edvidas, contra 65,1% observados no m\u00eas anterior. Contudo, o percentual aumentou em rela\u00e7\u00e3o a outubro de 2018, quando o \u00edndice foi de 60,7%.<\/p>\n\n\n\n<p>\u201cAp\u00f3s um per\u00edodo de forte crescimento do cr\u00e9dito, os recursos extras advindos do FGTS e PIS\/Pasep, somados \u00e0 sazonalidade positiva no mercado de trabalho, favoreceram a redu\u00e7\u00e3o do endividamento\u201d, aponta o presidente da CNC, Jos\u00e9 Roberto Tadros.<\/p>\n\n\n\n<p>Na compara\u00e7\u00e3o mensal, foram registrados aumentos em rela\u00e7\u00e3o \u00e0s fam\u00edlias com d\u00edvidas ou contas em atraso (24,9% contra 24,5%) e \u00e0s que declararam n\u00e3o ter condi\u00e7\u00f5es de pagar suas contas ou d\u00edvidas atrasadas e que, portanto, permaneceriam inadimplentes (10,1% ante 9,6%). Estes indicadores tamb\u00e9m apresentaram alta no comparativo com outubro do ano passado: de 23,5% para 24,9% e de 9,9% para 10,1%, respectivamente.<\/p>\n\n\n\n<p>Para Marianne Hanson, economista da CNC respons\u00e1vel pela pesquisa, o resultado indica uma desacelera\u00e7\u00e3o na demanda por empr\u00e9stimos e financiamentos, ap\u00f3s um per\u00edodo de forte crescimento: \u201cO aumento dos indicadores de inadimpl\u00eancia reflete o maior comprometimento de renda das fam\u00edlias com as d\u00edvidas\u201d.<\/p>\n\n\n\n<p>Entre as faixas de renda, o n\u00famero de endividados apresentou tend\u00eancias distintas. Para as fam\u00edlias que ganham at\u00e9 dez sal\u00e1rios m\u00ednimos, o percentual alcan\u00e7ou 65,6%, resultado inferior aos 66,2% observados em setembro, mas superior aos 61,7% de outubro de 2018. J\u00e1 para as fam\u00edlias com renda acima de dez sal\u00e1rios m\u00ednimos, houve aumento tanto na compara\u00e7\u00e3o mensal (de 60,5% para 61,1%) como em rela\u00e7\u00e3o a outubro do ano passado: 56,3%.<\/p>\n\n\n\n<p>Mais uma vez, o cart\u00e3o de cr\u00e9dito figurou como o principal tipo de d\u00edvida do brasileiro, sendo apontado por 78,9% das fam\u00edlias endividadas. Em seguida, aparecem os carn\u00eas (15,5%) e o financiamento de carro (9,5%).<\/p>\n\n\n\n<p><strong>MaisPB<\/strong><\/p>\n","protected":false},"excerpt":{"rendered":"<p>O n\u00famero de endividados no Pa\u00eds caiu em outubro, em compara\u00e7\u00e3o com setembro, interrompendo uma sequ\u00eancia de nove meses consecutivos de alta e registrando a&hellip; <\/p>\n","protected":false},"author":1,"featured_media":22981,"comment_status":"closed","ping_status":"closed","sticky":false,"template":"","format":"standard","meta":{"sfsi_plus_gutenberg_text_before_share":"","sfsi_plus_gutenberg_show_text_before_share":"","sfsi_plus_gutenberg_icon_type":"","sfsi_plus_gutenberg_icon_alignemt":"","sfsi_plus_gutenburg_max_per_row":"","footnotes":""},"categories":[2],"tags":[],"class_list":["post-131020","post","type-post","status-publish","format-standard","has-post-thumbnail","hentry","category-geral"],"_links":{"self":[{"href":"https:\/\/www.caririemacao.com\/1\/wp-json\/wp\/v2\/posts\/131020","targetHints":{"allow":["GET"]}}],"collection":[{"href":"https:\/\/www.caririemacao.com\/1\/wp-json\/wp\/v2\/posts"}],"about":[{"href":"https:\/\/www.caririemacao.com\/1\/wp-json\/wp\/v2\/types\/post"}],"author":[{"embeddable":true,"href":"https:\/\/www.caririemacao.com\/1\/wp-json\/wp\/v2\/users\/1"}],"replies":[{"embeddable":true,"href":"https:\/\/www.caririemacao.com\/1\/wp-json\/wp\/v2\/comments?post=131020"}],"version-history":[{"count":1,"href":"https:\/\/www.caririemacao.com\/1\/wp-json\/wp\/v2\/posts\/131020\/revisions"}],"predecessor-version":[{"id":131021,"href":"https:\/\/www.caririemacao.com\/1\/wp-json\/wp\/v2\/posts\/131020\/revisions\/131021"}],"wp:featuredmedia":[{"embeddable":true,"href":"https:\/\/www.caririemacao.com\/1\/wp-json\/wp\/v2\/media\/22981"}],"wp:attachment":[{"href":"https:\/\/www.caririemacao.com\/1\/wp-json\/wp\/v2\/media?parent=131020"}],"wp:term":[{"taxonomy":"category","embeddable":true,"href":"https:\/\/www.caririemacao.com\/1\/wp-json\/wp\/v2\/categories?post=131020"},{"taxonomy":"post_tag","embeddable":true,"href":"https:\/\/www.caririemacao.com\/1\/wp-json\/wp\/v2\/tags?post=131020"}],"curies":[{"name":"wp","href":"https:\/\/api.w.org\/{rel}","templated":true}]}}