{"id":131023,"date":"2019-10-29T13:38:45","date_gmt":"2019-10-29T16:38:45","guid":{"rendered":"http:\/\/www.caririemacao.com\/1\/?p=131023"},"modified":"2019-10-29T13:38:45","modified_gmt":"2019-10-29T16:38:45","slug":"joao-azevedo-critica-lentidao-do-governo-federal-em-buscar-retomada-da-economia","status":"publish","type":"post","link":"https:\/\/www.caririemacao.com\/1\/2019\/10\/29\/joao-azevedo-critica-lentidao-do-governo-federal-em-buscar-retomada-da-economia\/","title":{"rendered":"Jo\u00e3o Azev\u00eado critica lentid\u00e3o do Governo Federal em buscar retomada da economia"},"content":{"rendered":"\n<p>O governador da Para\u00edba Jo\u00e3o Azev\u00eado criticou a lentid\u00e3o do Governo Federal em elaborar um plano para a retomada da economia. \u201cInfelizmente n\u00f3s tivemos um ano realmente perdido para a economia brasileira\u201d, comentou. A declara\u00e7\u00e3o foi dada em entrevista, na manh\u00e3 desta ter\u00e7a-feira (29), na solenidade de formatura de 478 estudantes da Rede P\u00fablica Estadual dos Cursos Mediotec do Programa Nacional de Acesso ao Ensino T\u00e9cnico e Emprego (Pronatec), no Centro de Forma\u00e7\u00e3o de Professores, em Mangabeira.<\/p>\n\n\n\n<p>\u201cO Brasil vive um momento muito dif\u00edcil na economia, sen\u00e3o, n\u00e3o ter\u00edamos uma quantidade de desempregados t\u00e3o grande. N\u00e3o \u00e9 f\u00e1cil essa retomada. Eu acho que o Governo Federal est\u00e1 demorando muito para lan\u00e7ar efetivamente um plano que possa gerar empregos\u201d, disse.<\/p>\n\n\n\n<p>Jo\u00e3o Azev\u00eado sugeriu que investimentos na \u00e1rea de constru\u00e7\u00e3o civil poderiam ajudar a amenizar o problema do desemprego, que j\u00e1 atinge cerca de 13,5 milh\u00f5es de pessoas em todo o pa\u00eds. \u201cPor exemplo, a constru\u00e7\u00e3o civil \u00e9 um ramo que gera empregos rapidamente e que, se investidos recursos vultosos nessa \u00e1rea, poderia diminuir muito o sofrimento do povo brasileiro\u201d, afirmou.<\/p>\n\n\n\n<p>Para ele, o Governo Federal apostou tudo na Reforma da Previd\u00eancia, o que \u00e9 um erro. \u201cEssa reforma n\u00e3o vai mudar o cen\u00e1rio do Brasil de uma hora para outra. Na economia n\u00e3o existe um seletor que voc\u00ea gira e est\u00e1 tudo resolvido. N\u00e3o \u00e9 assim que funciona\u201d, explicou.<\/p>\n\n\n\n<p>O governador disse, por\u00e9m, que tem esperan\u00e7a de que o crescimento volte a ocorrer no pr\u00f3ximo ano. \u201cPorque voltando a crescer, gera emprego, gera renda, gera condi\u00e7\u00f5es de inclus\u00e3o social\u201d, comentou.<\/p>\n","protected":false},"excerpt":{"rendered":"<p>O governador da Para\u00edba Jo\u00e3o Azev\u00eado criticou a lentid\u00e3o do Governo Federal em elaborar um plano para a retomada da economia. \u201cInfelizmente n\u00f3s tivemos um&hellip; <\/p>\n","protected":false},"author":1,"featured_media":124197,"comment_status":"closed","ping_status":"closed","sticky":false,"template":"","format":"standard","meta":{"sfsi_plus_gutenberg_text_before_share":"","sfsi_plus_gutenberg_show_text_before_share":"","sfsi_plus_gutenberg_icon_type":"","sfsi_plus_gutenberg_icon_alignemt":"","sfsi_plus_gutenburg_max_per_row":"","footnotes":""},"categories":[11],"tags":[],"class_list":["post-131023","post","type-post","status-publish","format-standard","has-post-thumbnail","hentry","category-politica"],"_links":{"self":[{"href":"https:\/\/www.caririemacao.com\/1\/wp-json\/wp\/v2\/posts\/131023","targetHints":{"allow":["GET"]}}],"collection":[{"href":"https:\/\/www.caririemacao.com\/1\/wp-json\/wp\/v2\/posts"}],"about":[{"href":"https:\/\/www.caririemacao.com\/1\/wp-json\/wp\/v2\/types\/post"}],"author":[{"embeddable":true,"href":"https:\/\/www.caririemacao.com\/1\/wp-json\/wp\/v2\/users\/1"}],"replies":[{"embeddable":true,"href":"https:\/\/www.caririemacao.com\/1\/wp-json\/wp\/v2\/comments?post=131023"}],"version-history":[{"count":1,"href":"https:\/\/www.caririemacao.com\/1\/wp-json\/wp\/v2\/posts\/131023\/revisions"}],"predecessor-version":[{"id":131024,"href":"https:\/\/www.caririemacao.com\/1\/wp-json\/wp\/v2\/posts\/131023\/revisions\/131024"}],"wp:featuredmedia":[{"embeddable":true,"href":"https:\/\/www.caririemacao.com\/1\/wp-json\/wp\/v2\/media\/124197"}],"wp:attachment":[{"href":"https:\/\/www.caririemacao.com\/1\/wp-json\/wp\/v2\/media?parent=131023"}],"wp:term":[{"taxonomy":"category","embeddable":true,"href":"https:\/\/www.caririemacao.com\/1\/wp-json\/wp\/v2\/categories?post=131023"},{"taxonomy":"post_tag","embeddable":true,"href":"https:\/\/www.caririemacao.com\/1\/wp-json\/wp\/v2\/tags?post=131023"}],"curies":[{"name":"wp","href":"https:\/\/api.w.org\/{rel}","templated":true}]}}