{"id":131082,"date":"2019-10-30T09:31:53","date_gmt":"2019-10-30T12:31:53","guid":{"rendered":"http:\/\/www.caririemacao.com\/1\/?p=131082"},"modified":"2019-10-30T09:31:53","modified_gmt":"2019-10-30T12:31:53","slug":"urgente-bolsonaro-chora-revoltado-e-detona-a-globo-e-witzel-por-envolve-lo-no-caso-marielle","status":"publish","type":"post","link":"https:\/\/www.caririemacao.com\/1\/2019\/10\/30\/urgente-bolsonaro-chora-revoltado-e-detona-a-globo-e-witzel-por-envolve-lo-no-caso-marielle\/","title":{"rendered":"URGENTE! Bolsonaro CHORA REVOLTADO e DETONA a GLOBO e Witzel por envolv\u00ea-lo no caso Marielle"},"content":{"rendered":"\n<p>O presidente Jair Bolsonaro fez uma live no Facebook na noite desta ter\u00e7a-feira (29).<br>Com a chamada \u201cMais uma mat\u00e9ria porca da Globo\u201d, o presidente criticou a reportagem do \u2018Jornal Nacional\u2019 que associou seu nome a um dos suspeitos de matar a vereadora Marielle Franco em 14 de mar\u00e7o de 2018.<br>Citando a revista Veja, o chefe do Executivo acusou o governador Wilson Witzel de vazar \u00e0 TV Globo o depoimento do porteiro segundo o qual um dos suspeitos de matar a parlamentar esteve em seu condom\u00ednio horas antes do assassinato.<br>\u201cO senhor s\u00f3 se elegeu porque ficou o tempo todo ao lado dos meus filhos. O seu objetivo \u00e9 de nos destruir\u201d, disparou.<br>Jair tamb\u00e9m lembrou que a inten\u00e7\u00e3o do governador \u00e9 disputar a Presid\u00eancia em 2022.<br>Bolsonaro, que est\u00e1 na Ar\u00e1bia Saudita, ficou bastante nervoso e tamb\u00e9m bateu forte na Rede Globo.<br>\u201cVoc\u00eas, TV Globo, o tempo inteiro infernizam a minha vida, porra! (\u2026) Voc\u00eas n\u00e3o tem vergonha na cara. Agora, Marielle Franco, querem empurrar pra cima de mim? Patifes, canalhas, n\u00e3o vai colar! N\u00e3o devo nada a ningu\u00e9m. Voc\u00eas querem arrebentar com o Brasil. Estava muito bem com governos anteriores, mamavam bilh\u00f5es de estatais. Acabou a teta, n\u00e3o tem mais dinheiro p\u00fablico para voc\u00eas\u201d, declarou.<br>Logo em seguida, o presidente afirmou que, em 2022, quando vence a concess\u00e3o da emissora, o processo de renova\u00e7\u00e3o dever\u00e1 estar \u201climpo\u201d e \u201ctransparente\u201d para ser aprovado.<br><strong>\u201cN\u00e3o vai ter jeitinho para voc\u00eas\u201d, disse.<\/strong><br><\/p>\n\n\n\n<p><strong>ASSISTA ABAIXO<\/strong><\/p>\n\n\n\n<figure><iframe data-src=\"https:\/\/www.youtube.com\/embed\/WoLHaXFRVQg\" allowfullscreen=\"\" src=\"data:image\/svg+xml;base64,PHN2ZyB3aWR0aD0iMSIgaGVpZ2h0PSIxIiB4bWxucz0iaHR0cDovL3d3dy53My5vcmcvMjAwMC9zdmciPjwvc3ZnPg==\" class=\"lazyload\" data-load-mode=\"1\"><\/iframe><\/figure>\n","protected":false},"excerpt":{"rendered":"<p>O presidente Jair Bolsonaro fez uma live no Facebook na noite desta ter\u00e7a-feira (29).Com a chamada \u201cMais uma mat\u00e9ria porca da Globo\u201d, o presidente criticou&hellip; <\/p>\n","protected":false},"author":1,"featured_media":106135,"comment_status":"closed","ping_status":"closed","sticky":false,"template":"","format":"standard","meta":{"sfsi_plus_gutenberg_text_before_share":"","sfsi_plus_gutenberg_show_text_before_share":"","sfsi_plus_gutenberg_icon_type":"","sfsi_plus_gutenberg_icon_alignemt":"","sfsi_plus_gutenburg_max_per_row":"","footnotes":""},"categories":[2],"tags":[],"class_list":["post-131082","post","type-post","status-publish","format-standard","has-post-thumbnail","hentry","category-geral"],"_links":{"self":[{"href":"https:\/\/www.caririemacao.com\/1\/wp-json\/wp\/v2\/posts\/131082","targetHints":{"allow":["GET"]}}],"collection":[{"href":"https:\/\/www.caririemacao.com\/1\/wp-json\/wp\/v2\/posts"}],"about":[{"href":"https:\/\/www.caririemacao.com\/1\/wp-json\/wp\/v2\/types\/post"}],"author":[{"embeddable":true,"href":"https:\/\/www.caririemacao.com\/1\/wp-json\/wp\/v2\/users\/1"}],"replies":[{"embeddable":true,"href":"https:\/\/www.caririemacao.com\/1\/wp-json\/wp\/v2\/comments?post=131082"}],"version-history":[{"count":1,"href":"https:\/\/www.caririemacao.com\/1\/wp-json\/wp\/v2\/posts\/131082\/revisions"}],"predecessor-version":[{"id":131084,"href":"https:\/\/www.caririemacao.com\/1\/wp-json\/wp\/v2\/posts\/131082\/revisions\/131084"}],"wp:featuredmedia":[{"embeddable":true,"href":"https:\/\/www.caririemacao.com\/1\/wp-json\/wp\/v2\/media\/106135"}],"wp:attachment":[{"href":"https:\/\/www.caririemacao.com\/1\/wp-json\/wp\/v2\/media?parent=131082"}],"wp:term":[{"taxonomy":"category","embeddable":true,"href":"https:\/\/www.caririemacao.com\/1\/wp-json\/wp\/v2\/categories?post=131082"},{"taxonomy":"post_tag","embeddable":true,"href":"https:\/\/www.caririemacao.com\/1\/wp-json\/wp\/v2\/tags?post=131082"}],"curies":[{"name":"wp","href":"https:\/\/api.w.org\/{rel}","templated":true}]}}