{"id":131095,"date":"2019-10-30T09:36:07","date_gmt":"2019-10-30T12:36:07","guid":{"rendered":"http:\/\/www.caririemacao.com\/1\/?p=131095"},"modified":"2019-10-30T09:36:07","modified_gmt":"2019-10-30T12:36:07","slug":"globo-divulga-nota-em-resposta-as-ofensas-de-jair-bolsonaro","status":"publish","type":"post","link":"https:\/\/www.caririemacao.com\/1\/2019\/10\/30\/globo-divulga-nota-em-resposta-as-ofensas-de-jair-bolsonaro\/","title":{"rendered":"Globo divulga nota em resposta \u00e0s ofensas de Jair Bolsonaro"},"content":{"rendered":"\n<p>O presidente Jair Bolsonaro&nbsp;<a href=\"https:\/\/www.clickpb.com.br\/brasil\/urgente-bolsonaro-chora-revoltado-e-detona-globo-e-witzel-por-envolve-lo-no-caso-marielle-270927.html\">fez uma live no Facebook na noite desta ter\u00e7a-feira (29)<\/a>, com a chamada \u201cMais uma mat\u00e9ria porca da Globo\u201d, o presidente criticou a reportagem do \u2018Jornal Nacional\u2019 que associou seu nome a um dos suspeitos de matar a vereadora Marielle Franco em 14 de mar\u00e7o de 2018.<\/p>\n\n\n\n<p>Na live disse que a emissora quer empurrar a culpa da morte da vereadora Marielle Franco para cima dele.&nbsp;<\/p>\n\n\n\n<p>\u201cVoc\u00eas, TV Globo, o tempo inteiro infernizam a minha vida, porra! (\u2026) Voc\u00eas n\u00e3o tem vergonha na cara. Agora, Marielle Franco, querem empurrar pra cima de mim? Patifes, canalhas, n\u00e3o vai colar! N\u00e3o devo nada a ningu\u00e9m. Voc\u00eas querem arrebentar com o Brasil. Estava muito bem com governos anteriores, mamavam bilh\u00f5es de estatais. Acabou a teta, n\u00e3o tem mais dinheiro p\u00fablico para voc\u00eas\u201d, declarou.<\/p>\n\n\n\n<p>Logo em seguida, o presidente afirmou que, em 2022, quando vence a concess\u00e3o da emissora, o processo de renova\u00e7\u00e3o dever\u00e1 estar \u201climpo\u201d e \u201ctransparente\u201d para ser aprovado. \u201cN\u00e3o vai ter jeitinho para voc\u00eas\u201d, disse.<\/p>\n\n\n\n<p>Em rela\u00e7\u00e3o \u00e0s ofensas que o presidente Jair Bolsonaro dirigiu \u00e0 Globo, a emissora divulgou a seguinte nota:<br><\/p>\n\n\n\n<p><em>&#8220;A Globo n\u00e3o fez patifaria nem canalhice. Fez, como sempre, jornalismo com seriedade e responsabilidade. Revelou a exist\u00eancia do depoimento do porteiro e das afirma\u00e7\u00f5es que ele fez. Mas ressaltou, com \u00eanfase e por apura\u00e7\u00e3o pr\u00f3pria, que as informa\u00e7\u00f5es do porteiro se chocavam com um fato: a presen\u00e7a do ent\u00e3o deputado Jair Bolsonaro em Bras\u00edlia, naquele dia, com dois registros na lista de presen\u00e7a em vota\u00e7\u00f5es.<\/em><\/p>\n\n\n\n<p><em>O depoimento do porteiro, com ou sem contradi\u00e7\u00e3o, \u00e9 importante, porque diz respeito a um fato que ocorreu com um dos principais acusados, no dia do crime. Al\u00e9m disso, a mera cita\u00e7\u00e3o do nome do presidente leva o Supremo Tribunal Federal a analisar a situa\u00e7\u00e3o.<\/em><\/p>\n\n\n\n<p><em>A Globo lamenta que o presidente revele n\u00e3o conhecer a miss\u00e3o do jornalismo de qualidade e use termos injustos para insultar aqueles que n\u00e3o fazem outra coisa sen\u00e3o informar com precis\u00e3o o p\u00fablico brasileiro. Sobre a afirma\u00e7\u00e3o de que, em 2022, n\u00e3o perseguir\u00e1 a Globo, mas s\u00f3 renovar\u00e1 a sua concess\u00e3o se o processo estiver, nas palavras dele, enxuto, a Globo afirma que n\u00e3o poderia esperar dele outra atitude. H\u00e1 54 anos, a emissora jamais deixou de cumprir as suas obriga\u00e7\u00f5es.&#8221;<\/em><\/p>\n","protected":false},"excerpt":{"rendered":"<p>O presidente Jair Bolsonaro&nbsp;fez uma live no Facebook na noite desta ter\u00e7a-feira (29), com a chamada \u201cMais uma mat\u00e9ria porca da Globo\u201d, o presidente criticou&hellip; <\/p>\n","protected":false},"author":1,"featured_media":74793,"comment_status":"closed","ping_status":"closed","sticky":false,"template":"","format":"standard","meta":{"sfsi_plus_gutenberg_text_before_share":"","sfsi_plus_gutenberg_show_text_before_share":"","sfsi_plus_gutenberg_icon_type":"","sfsi_plus_gutenberg_icon_alignemt":"","sfsi_plus_gutenburg_max_per_row":"","footnotes":""},"categories":[11],"tags":[],"class_list":["post-131095","post","type-post","status-publish","format-standard","has-post-thumbnail","hentry","category-politica"],"_links":{"self":[{"href":"https:\/\/www.caririemacao.com\/1\/wp-json\/wp\/v2\/posts\/131095","targetHints":{"allow":["GET"]}}],"collection":[{"href":"https:\/\/www.caririemacao.com\/1\/wp-json\/wp\/v2\/posts"}],"about":[{"href":"https:\/\/www.caririemacao.com\/1\/wp-json\/wp\/v2\/types\/post"}],"author":[{"embeddable":true,"href":"https:\/\/www.caririemacao.com\/1\/wp-json\/wp\/v2\/users\/1"}],"replies":[{"embeddable":true,"href":"https:\/\/www.caririemacao.com\/1\/wp-json\/wp\/v2\/comments?post=131095"}],"version-history":[{"count":1,"href":"https:\/\/www.caririemacao.com\/1\/wp-json\/wp\/v2\/posts\/131095\/revisions"}],"predecessor-version":[{"id":131097,"href":"https:\/\/www.caririemacao.com\/1\/wp-json\/wp\/v2\/posts\/131095\/revisions\/131097"}],"wp:featuredmedia":[{"embeddable":true,"href":"https:\/\/www.caririemacao.com\/1\/wp-json\/wp\/v2\/media\/74793"}],"wp:attachment":[{"href":"https:\/\/www.caririemacao.com\/1\/wp-json\/wp\/v2\/media?parent=131095"}],"wp:term":[{"taxonomy":"category","embeddable":true,"href":"https:\/\/www.caririemacao.com\/1\/wp-json\/wp\/v2\/categories?post=131095"},{"taxonomy":"post_tag","embeddable":true,"href":"https:\/\/www.caririemacao.com\/1\/wp-json\/wp\/v2\/tags?post=131095"}],"curies":[{"name":"wp","href":"https:\/\/api.w.org\/{rel}","templated":true}]}}