{"id":131102,"date":"2019-10-30T09:38:33","date_gmt":"2019-10-30T12:38:33","guid":{"rendered":"http:\/\/www.caririemacao.com\/1\/?p=131102"},"modified":"2019-10-30T09:38:33","modified_gmt":"2019-10-30T12:38:33","slug":"bolsonaro-aciona-moro-para-ouvir-porteiro-que-o-associou-a-suspeito-de-morte-de-marielle","status":"publish","type":"post","link":"https:\/\/www.caririemacao.com\/1\/2019\/10\/30\/bolsonaro-aciona-moro-para-ouvir-porteiro-que-o-associou-a-suspeito-de-morte-de-marielle\/","title":{"rendered":"Bolsonaro aciona Moro para ouvir porteiro que o associou a suspeito de morte de Marielle"},"content":{"rendered":"\n<p>Irritado, o presidente Jair Bolsonaro disse nesta quarta-feira (30) que est\u00e1 conversando com o ministro Sergio Moro (Justi\u00e7a e Seguran\u00e7a P\u00fablica) para que a Pol\u00edcia Federal colha um novo depoimento do porteiro que associou o presidente ao principal suspeito do assassinato da vereadora Marielle Franco, em 14 de mar\u00e7o de 2018.<\/p>\n\n\n\n<p>&#8220;Estou conversando com o ministro da Justi\u00e7a para a gente tomar, via Pol\u00edcia Federal, um novo depoimento desse porteiro pela PF para esclarecer de vez esse fato, de modo que esse fantasma que querem colocar no meu colo como poss\u00edvel mentor da morte de Marielle seja enterrado de vez&#8221;, disse Bolsonaro em Riade, capital da Ar\u00e1bia Saudita.<\/p>\n\n\n\n<p>O presidente&nbsp; afirmou n\u00e3o saber quem \u00e9 o porteiro citado em reportagem da TV Globo nesta ter\u00e7a-feira.<\/p>\n\n\n\n<p>Segundo a reportagem do Jornal Nacional, um porteiro do condom\u00ednio Vivendas da Barra, na Barra da Tijuca, zona oeste do Rio de Janeiro, disse em depoimento \u00e0 Pol\u00edcia Civil do Rio de Janeiro que, no dia do assassinato, um dos suspeitos se dirigiu at\u00e9 o conjunto de casas onde vive o presidente, horas antes do crime.<\/p>\n\n\n\n<p>Ao porteiro, o ex-policial militar \u00c9lcio Vieira de Queiroz teria dito que iria \u00e0 casa de n\u00famero 58 \u2014 que pertence ao presidente.&nbsp;<\/p>\n\n\n\n<p>Ao receb\u00ea-lo na guarita, o porteiro teria ligado na casa 58 para confirmar se o visitante poderia entrar, e algu\u00e9m na resid\u00eancia autorizou a entrada do ve\u00edculo, um Renault Logan. Em dois depoimentos \u00e0 Pol\u00edcia Civil do RJ, o porteiro disse ter reconhecido a voz de quem atendeu como sendo a do &#8220;Seu Jair&#8221;, segundo o Jornal Nacional.<\/p>\n\n\n\n<p>Uma vez dentro do condom\u00ednio, ele n\u00e3o foi \u00e0 casa de Bolsonaro, segundo a testemunha: ele dirigiu at\u00e9 o im\u00f3vel 66. \u00c9 onde mora Ronnie Lessa, acusado de fazer os disparos que mataram Marielle e Anderson.<\/p>\n\n\n\n<p>&#8220;O porteiro ou se equivocou, ou n\u00e3o leu o que assinou. Pode o delegado ter escrito o que bem entendeu e o porteiro, uma pessoa humilde, ter assinado embaixo&#8221;, disse Bolsonaro a jornalistas na Ar\u00e1bia Saudita.&nbsp;<\/p>\n\n\n\n<p>&#8220;N\u00f3s sabemos que (porteiros) s\u00e3o pessoas humildes, que quando s\u00e3o tomadas depoimento, sempre ficam preocupadas com algo. O porteiro est\u00e1 sendo usado pelo delegado da Pol\u00edcia Civil, que segue ordens do Sr. Witzel governador.&#8221;<\/p>\n\n\n\n<p>O advogado do presidente da Rep\u00fablica, Frederick Wassef, disse que \u00e9 imposs\u00edvel Bolsonaro ter falado com \u00c9lcio ao interfone \u2014 o presidente estaria em Bras\u00edlia no dia da morte de Marielle, conforme registro de vota\u00e7\u00f5es da C\u00e2mara dos Deputados e v\u00eddeos postados por Bolsonaro nas redes sociais.<\/p>\n\n\n\n<p>Naquele dia, Bolsonaro tamb\u00e9m postou v\u00eddeos em suas redes sociais. Nas grava\u00e7\u00f5es, ele aparece dentro de seu antigo gabinete de deputado federal, na C\u00e2mara, e em outro local do Congresso, de acordo com a reportagem do JN.<\/p>\n\n\n\n<p>Pessoas ligadas \u00e0 investiga\u00e7\u00e3o disseram ao Jornal Nacional que \u00c9lcio e Ronnie deixaram o condom\u00ednio minutos depois da entrada do primeiro; mas estavam no carro de Ronnie. Em seguida, embarcaram no carro usado no crime num local pr\u00f3ximo ao condom\u00ednio, ainda segundo investiga\u00e7\u00f5es.<\/p>\n","protected":false},"excerpt":{"rendered":"<p>Irritado, o presidente Jair Bolsonaro disse nesta quarta-feira (30) que est\u00e1 conversando com o ministro Sergio Moro (Justi\u00e7a e Seguran\u00e7a P\u00fablica) para que a Pol\u00edcia&hellip; <\/p>\n","protected":false},"author":1,"featured_media":102746,"comment_status":"closed","ping_status":"closed","sticky":false,"template":"","format":"standard","meta":{"sfsi_plus_gutenberg_text_before_share":"","sfsi_plus_gutenberg_show_text_before_share":"","sfsi_plus_gutenberg_icon_type":"","sfsi_plus_gutenberg_icon_alignemt":"","sfsi_plus_gutenburg_max_per_row":"","footnotes":""},"categories":[11],"tags":[],"class_list":["post-131102","post","type-post","status-publish","format-standard","has-post-thumbnail","hentry","category-politica"],"_links":{"self":[{"href":"https:\/\/www.caririemacao.com\/1\/wp-json\/wp\/v2\/posts\/131102","targetHints":{"allow":["GET"]}}],"collection":[{"href":"https:\/\/www.caririemacao.com\/1\/wp-json\/wp\/v2\/posts"}],"about":[{"href":"https:\/\/www.caririemacao.com\/1\/wp-json\/wp\/v2\/types\/post"}],"author":[{"embeddable":true,"href":"https:\/\/www.caririemacao.com\/1\/wp-json\/wp\/v2\/users\/1"}],"replies":[{"embeddable":true,"href":"https:\/\/www.caririemacao.com\/1\/wp-json\/wp\/v2\/comments?post=131102"}],"version-history":[{"count":1,"href":"https:\/\/www.caririemacao.com\/1\/wp-json\/wp\/v2\/posts\/131102\/revisions"}],"predecessor-version":[{"id":131106,"href":"https:\/\/www.caririemacao.com\/1\/wp-json\/wp\/v2\/posts\/131102\/revisions\/131106"}],"wp:featuredmedia":[{"embeddable":true,"href":"https:\/\/www.caririemacao.com\/1\/wp-json\/wp\/v2\/media\/102746"}],"wp:attachment":[{"href":"https:\/\/www.caririemacao.com\/1\/wp-json\/wp\/v2\/media?parent=131102"}],"wp:term":[{"taxonomy":"category","embeddable":true,"href":"https:\/\/www.caririemacao.com\/1\/wp-json\/wp\/v2\/categories?post=131102"},{"taxonomy":"post_tag","embeddable":true,"href":"https:\/\/www.caririemacao.com\/1\/wp-json\/wp\/v2\/tags?post=131102"}],"curies":[{"name":"wp","href":"https:\/\/api.w.org\/{rel}","templated":true}]}}