{"id":131121,"date":"2019-10-30T09:44:03","date_gmt":"2019-10-30T12:44:03","guid":{"rendered":"http:\/\/www.caririemacao.com\/1\/?p=131121"},"modified":"2019-10-30T09:44:03","modified_gmt":"2019-10-30T12:44:03","slug":"detectadas-manchas-de-oleo-em-nove-praias-de-cinco-estados-do-nordeste","status":"publish","type":"post","link":"https:\/\/www.caririemacao.com\/1\/2019\/10\/30\/detectadas-manchas-de-oleo-em-nove-praias-de-cinco-estados-do-nordeste\/","title":{"rendered":"Detectadas manchas de \u00f3leo em nove praias de cinco estados do Nordeste"},"content":{"rendered":"\n<p>Novas manchas de \u00f3leo surgiram em nove praias de cinco estados da Regi\u00e3o Nordeste, segundo informa\u00e7\u00f5es do Grupo de Avalia\u00e7\u00e3o e Acompanhamento (GAA), formado por Marinha, Ag\u00eancia Nacional de Petr\u00f3leo (ANP) e Instituto Brasileiro do Meio Ambiente e dos Recursos Naturais Renov\u00e1veis (Ibama).<\/p>\n\n\n\n<p>Manchas de \u00f3leo cru come\u00e7aram a aparecer nas praias do litoral nordestino no final de agosto e atingiram mais de 200 localidades em todos os estados da regi\u00e3o. Desde ent\u00e3o, foram recolhidas mais de mil toneladas do produto, numa extens\u00e3o de 2,5 mil quil\u00f4metros.<\/p>\n\n\n\n<p>As praias afetadas s\u00e3o Via Costeira e B\u00fazios, no Rio Grande do Norte; Concei\u00e7\u00e3o e Itapuama, em Pernambuco; Japaratinga e Pia\u00e7abu\u00e7u, Alagoas; Aba\u00eds, em Sergipe; al\u00e9m de Morro de S\u00e3o Paulo e Morer\u00e9, na Bahia. De acordo com o GAA, equipes j\u00e1 foram mobilizadas para atuar nos locais.<\/p>\n\n\n\n<p>Por meio de nota o GAA informou que, em Morer\u00e9, foi observada \u201cpresen\u00e7a de manchas\u201d e, em Japaratinga, foram visualizadas \u201capenas pelotas\u201d. Ainda segundo o grupo, as vistorias por navios, o monitoramento a\u00e9reo e as a\u00e7\u00f5es de limpeza \u201ccontinuar\u00e3o at\u00e9 o encerramento das reincid\u00eancias desse \u00f3leo nas praias nordestinas\u201d.<\/p>\n\n\n\n<p><strong>&nbsp;&nbsp;&nbsp; Transfer\u00eancia para Bras\u00edlia<br><\/strong><\/p>\n\n\n\n<p>Desde o dia 26, o comit\u00ea que d\u00e1 suporte ao monitoramento das manchas de \u00f3leo que t\u00eam afetado as praias brasileiras est\u00e1 funcionando em Bras\u00edlia, em vez de no Rio de Janeiro. Segundo a Marinha, a mudan\u00e7a tem, por objetivo, ampliar a capacidade de combate e coordena\u00e7\u00e3o.<\/p>\n\n\n\n<p>\u201cA extens\u00e3o da \u00e1rea afetada, a dura\u00e7\u00e3o no tempo e as caracter\u00edsticas de dispers\u00e3o do \u00f3leo desse crime ambiental in\u00e9dito no pa\u00eds exigem constante avalia\u00e7\u00e3o da estrutura e recursos empregados. Assim, o aumento do efetivo e dos meios no combate \u00e0s manchas de \u00f3leo e a transfer\u00eancia do GAA para as instala\u00e7\u00f5es do Centro de Opera\u00e7\u00f5es Conjuntas, na sede do Minist\u00e9rio da Defesa, em Bras\u00edlia, visam ampliar a capacidade de combate e coordena\u00e7\u00e3o\u201d, informou o departamento da Marinha.<\/p>\n","protected":false},"excerpt":{"rendered":"<p>Novas manchas de \u00f3leo surgiram em nove praias de cinco estados da Regi\u00e3o Nordeste, segundo informa\u00e7\u00f5es do Grupo de Avalia\u00e7\u00e3o e Acompanhamento (GAA), formado por&hellip; <\/p>\n","protected":false},"author":1,"featured_media":130656,"comment_status":"closed","ping_status":"closed","sticky":false,"template":"","format":"standard","meta":{"sfsi_plus_gutenberg_text_before_share":"","sfsi_plus_gutenberg_show_text_before_share":"","sfsi_plus_gutenberg_icon_type":"","sfsi_plus_gutenberg_icon_alignemt":"","sfsi_plus_gutenburg_max_per_row":"","footnotes":""},"categories":[2],"tags":[],"class_list":["post-131121","post","type-post","status-publish","format-standard","has-post-thumbnail","hentry","category-geral"],"_links":{"self":[{"href":"https:\/\/www.caririemacao.com\/1\/wp-json\/wp\/v2\/posts\/131121","targetHints":{"allow":["GET"]}}],"collection":[{"href":"https:\/\/www.caririemacao.com\/1\/wp-json\/wp\/v2\/posts"}],"about":[{"href":"https:\/\/www.caririemacao.com\/1\/wp-json\/wp\/v2\/types\/post"}],"author":[{"embeddable":true,"href":"https:\/\/www.caririemacao.com\/1\/wp-json\/wp\/v2\/users\/1"}],"replies":[{"embeddable":true,"href":"https:\/\/www.caririemacao.com\/1\/wp-json\/wp\/v2\/comments?post=131121"}],"version-history":[{"count":1,"href":"https:\/\/www.caririemacao.com\/1\/wp-json\/wp\/v2\/posts\/131121\/revisions"}],"predecessor-version":[{"id":131123,"href":"https:\/\/www.caririemacao.com\/1\/wp-json\/wp\/v2\/posts\/131121\/revisions\/131123"}],"wp:featuredmedia":[{"embeddable":true,"href":"https:\/\/www.caririemacao.com\/1\/wp-json\/wp\/v2\/media\/130656"}],"wp:attachment":[{"href":"https:\/\/www.caririemacao.com\/1\/wp-json\/wp\/v2\/media?parent=131121"}],"wp:term":[{"taxonomy":"category","embeddable":true,"href":"https:\/\/www.caririemacao.com\/1\/wp-json\/wp\/v2\/categories?post=131121"},{"taxonomy":"post_tag","embeddable":true,"href":"https:\/\/www.caririemacao.com\/1\/wp-json\/wp\/v2\/tags?post=131121"}],"curies":[{"name":"wp","href":"https:\/\/api.w.org\/{rel}","templated":true}]}}