{"id":131139,"date":"2019-10-30T09:50:21","date_gmt":"2019-10-30T12:50:21","guid":{"rendered":"http:\/\/www.caririemacao.com\/1\/?p=131139"},"modified":"2019-10-30T09:50:21","modified_gmt":"2019-10-30T12:50:21","slug":"professor-paraibano-e-nomeado-como-diretor-de-avaliacao-da-educacao-superior-do-inep","status":"publish","type":"post","link":"https:\/\/www.caririemacao.com\/1\/2019\/10\/30\/professor-paraibano-e-nomeado-como-diretor-de-avaliacao-da-educacao-superior-do-inep\/","title":{"rendered":"Professor paraibano \u00e9 nomeado como diretor de Avalia\u00e7\u00e3o da Educa\u00e7\u00e3o Superior do Inep"},"content":{"rendered":"\n<p>O professor paraibano Moacir Alves Carneiro foi nomeado para assumir o cargo de diretor&nbsp;de Avalia\u00e7\u00e3o da Educa\u00e7\u00e3o Superior,&nbsp;no Instituto Nacional de Pesquisas e Estudos Educacionais An\u00edsio Teixeira (Inep). A portaria foi assinada pelo ministro da Educa\u00e7\u00e3o, Abraham Weintraub.&nbsp;<\/p>\n\n\n\n<p>O professor&nbsp;\u00e9 doutor em Educa\u00e7\u00e3o pela Sorbonne de Paris, ex-professor da Faculdade de Educa\u00e7\u00e3o da UnB e diretor do Encontro de Laborat\u00f3rios de Cidadania e Educa\u00e7\u00e3o\/ENLACE, Bras\u00edlia (DF).&nbsp;<\/p>\n\n\n\n<p>Tamb\u00e9m \u00e9 autor de 41 obras voltadas para a educa\u00e7\u00e3o, foi tamb\u00e9m, diretor de opera\u00e7\u00f5es do FNDE (Fundo Nacional de Desenvolvimento da Educa\u00e7\u00e3o) e coordenador nacional do PROEP (Programa de Reforma da Educa\u00e7\u00e3o Profissional\/Rede Federal de Ensino).<\/p>\n","protected":false},"excerpt":{"rendered":"<p>O professor paraibano Moacir Alves Carneiro foi nomeado para assumir o cargo de diretor&nbsp;de Avalia\u00e7\u00e3o da Educa\u00e7\u00e3o Superior,&nbsp;no Instituto Nacional de Pesquisas e Estudos Educacionais&hellip; <\/p>\n","protected":false},"author":1,"featured_media":131141,"comment_status":"closed","ping_status":"closed","sticky":false,"template":"","format":"standard","meta":{"sfsi_plus_gutenberg_text_before_share":"","sfsi_plus_gutenberg_show_text_before_share":"","sfsi_plus_gutenberg_icon_type":"","sfsi_plus_gutenberg_icon_alignemt":"","sfsi_plus_gutenburg_max_per_row":"","footnotes":""},"categories":[14],"tags":[],"class_list":["post-131139","post","type-post","status-publish","format-standard","has-post-thumbnail","hentry","category-educacao"],"_links":{"self":[{"href":"https:\/\/www.caririemacao.com\/1\/wp-json\/wp\/v2\/posts\/131139","targetHints":{"allow":["GET"]}}],"collection":[{"href":"https:\/\/www.caririemacao.com\/1\/wp-json\/wp\/v2\/posts"}],"about":[{"href":"https:\/\/www.caririemacao.com\/1\/wp-json\/wp\/v2\/types\/post"}],"author":[{"embeddable":true,"href":"https:\/\/www.caririemacao.com\/1\/wp-json\/wp\/v2\/users\/1"}],"replies":[{"embeddable":true,"href":"https:\/\/www.caririemacao.com\/1\/wp-json\/wp\/v2\/comments?post=131139"}],"version-history":[{"count":1,"href":"https:\/\/www.caririemacao.com\/1\/wp-json\/wp\/v2\/posts\/131139\/revisions"}],"predecessor-version":[{"id":131142,"href":"https:\/\/www.caririemacao.com\/1\/wp-json\/wp\/v2\/posts\/131139\/revisions\/131142"}],"wp:featuredmedia":[{"embeddable":true,"href":"https:\/\/www.caririemacao.com\/1\/wp-json\/wp\/v2\/media\/131141"}],"wp:attachment":[{"href":"https:\/\/www.caririemacao.com\/1\/wp-json\/wp\/v2\/media?parent=131139"}],"wp:term":[{"taxonomy":"category","embeddable":true,"href":"https:\/\/www.caririemacao.com\/1\/wp-json\/wp\/v2\/categories?post=131139"},{"taxonomy":"post_tag","embeddable":true,"href":"https:\/\/www.caririemacao.com\/1\/wp-json\/wp\/v2\/tags?post=131139"}],"curies":[{"name":"wp","href":"https:\/\/api.w.org\/{rel}","templated":true}]}}