{"id":131159,"date":"2019-10-30T09:54:16","date_gmt":"2019-10-30T12:54:16","guid":{"rendered":"http:\/\/www.caririemacao.com\/1\/?p=131159"},"modified":"2019-10-30T09:54:16","modified_gmt":"2019-10-30T12:54:16","slug":"homem-tatua-homenagem-ao-hit-caneta-azul-na-paraiba","status":"publish","type":"post","link":"https:\/\/www.caririemacao.com\/1\/2019\/10\/30\/homem-tatua-homenagem-ao-hit-caneta-azul-na-paraiba\/","title":{"rendered":"Homem tatua homenagem ao hit &#8220;Caneta Azul&#8221; na Para\u00edba"},"content":{"rendered":"\n<p>Um homem decidiu fazer, nesta ter\u00e7a-feira (29), uma homenagem vital\u00edcia ao hit do momento, &#8220;Caneta Azul&#8221;: uma tatuagem do cantor e das famigeradas esferogr\u00e1ficas, em um est\u00fadio de tatuagem em Campina Grande, na Para\u00edba.<\/p>\n\n\n\n<p>Na imagem obtida pelo ClickPB, uma caricatura de Manuel Gomes e duas canetas azuis.&nbsp;<\/p>\n\n\n\n<figure class=\"wp-block-image\"><img decoding=\"async\" data-src=\"https:\/\/www.clickpb.com.br\/media\/filer_public\/bd\/64\/bd64ea5d-2c9c-4146-b15b-958828a8a72f\/whatsapp_image_2019-10-29_at_203721_1.jpeg\" alt=\"\" src=\"data:image\/svg+xml;base64,PHN2ZyB3aWR0aD0iMSIgaGVpZ2h0PSIxIiB4bWxucz0iaHR0cDovL3d3dy53My5vcmcvMjAwMC9zdmciPjwvc3ZnPg==\" class=\"lazyload\" \/><\/figure>\n\n\n\n<p>O tatuador Diego Farias revelou que essa n\u00e3o foi a primeira tatuagem inspirada em um meme de Internet que ele realizou. &#8220;O cliente \u00e9 meu amigo, e este \u00e9 o segundo meme que eu tatuei nele. O primeiro foi o &#8216;Neg\u00e3o do WhatsApp&#8217;. Ele chegou no meu Studio querendo uma tatuagem, mas n\u00e3o sabia o que fazer e eu dei a ideia, rimos muito, ele gostou e fizemos.&#8221;&nbsp;<\/p>\n\n\n\n<p>O tatuador n\u00e3o esperava que a ideia repercutisse tanto. &#8220;Fiquei surpreso com a repercuss\u00e3o, n\u00e3o esperava que essa homenagem iria render tanto&#8221;.<\/p>\n\n\n\n<p>&#8220;Se n\u00e3o trouxer movimento, que traga ao menos reconhecimento, pois a tatuagem aqui n\u00e3o \u00e9 t\u00e3o valorizada como em outros estados&#8221;, contou o artista.<\/p>\n\n\n\n<figure><iframe data-src=\"https:\/\/www.instagram.com\/p\/B4NYuC-FHah\/embed\/captioned\/?cr=1&amp;v=12&amp;wp=540&amp;rd=https%3A%2F%2Fwww.clickpb.com.br&amp;rp=%2Fadmin%2Fportal%2Fportalarticle%2Fadd%2F#%7B%22ci%22%3A0%2C%22os%22%3A160582.89499999955%2C%22ls%22%3A160541.2200000137%2C%22le%22%3A160577.18500000192%7D\" allowfullscreen=\"true\" height=\"792\" src=\"data:image\/svg+xml;base64,PHN2ZyB3aWR0aD0iMSIgaGVpZ2h0PSIxIiB4bWxucz0iaHR0cDovL3d3dy53My5vcmcvMjAwMC9zdmciPjwvc3ZnPg==\" class=\"lazyload\" data-load-mode=\"1\"><\/iframe><\/figure>\n","protected":false},"excerpt":{"rendered":"<p>Um homem decidiu fazer, nesta ter\u00e7a-feira (29), uma homenagem vital\u00edcia ao hit do momento, &#8220;Caneta Azul&#8221;: uma tatuagem do cantor e das famigeradas esferogr\u00e1ficas, em&hellip; <\/p>\n","protected":false},"author":1,"featured_media":131161,"comment_status":"closed","ping_status":"closed","sticky":false,"template":"","format":"standard","meta":{"sfsi_plus_gutenberg_text_before_share":"","sfsi_plus_gutenberg_show_text_before_share":"","sfsi_plus_gutenberg_icon_type":"","sfsi_plus_gutenberg_icon_alignemt":"","sfsi_plus_gutenburg_max_per_row":"","footnotes":""},"categories":[2],"tags":[],"class_list":["post-131159","post","type-post","status-publish","format-standard","has-post-thumbnail","hentry","category-geral"],"_links":{"self":[{"href":"https:\/\/www.caririemacao.com\/1\/wp-json\/wp\/v2\/posts\/131159","targetHints":{"allow":["GET"]}}],"collection":[{"href":"https:\/\/www.caririemacao.com\/1\/wp-json\/wp\/v2\/posts"}],"about":[{"href":"https:\/\/www.caririemacao.com\/1\/wp-json\/wp\/v2\/types\/post"}],"author":[{"embeddable":true,"href":"https:\/\/www.caririemacao.com\/1\/wp-json\/wp\/v2\/users\/1"}],"replies":[{"embeddable":true,"href":"https:\/\/www.caririemacao.com\/1\/wp-json\/wp\/v2\/comments?post=131159"}],"version-history":[{"count":1,"href":"https:\/\/www.caririemacao.com\/1\/wp-json\/wp\/v2\/posts\/131159\/revisions"}],"predecessor-version":[{"id":131162,"href":"https:\/\/www.caririemacao.com\/1\/wp-json\/wp\/v2\/posts\/131159\/revisions\/131162"}],"wp:featuredmedia":[{"embeddable":true,"href":"https:\/\/www.caririemacao.com\/1\/wp-json\/wp\/v2\/media\/131161"}],"wp:attachment":[{"href":"https:\/\/www.caririemacao.com\/1\/wp-json\/wp\/v2\/media?parent=131159"}],"wp:term":[{"taxonomy":"category","embeddable":true,"href":"https:\/\/www.caririemacao.com\/1\/wp-json\/wp\/v2\/categories?post=131159"},{"taxonomy":"post_tag","embeddable":true,"href":"https:\/\/www.caririemacao.com\/1\/wp-json\/wp\/v2\/tags?post=131159"}],"curies":[{"name":"wp","href":"https:\/\/api.w.org\/{rel}","templated":true}]}}