{"id":131171,"date":"2019-10-30T09:56:24","date_gmt":"2019-10-30T12:56:24","guid":{"rendered":"http:\/\/www.caririemacao.com\/1\/?p=131171"},"modified":"2019-10-30T09:57:59","modified_gmt":"2019-10-30T12:57:59","slug":"mais-um-pm-paraibano-e-morto-por-engano-em-acao-policial","status":"publish","type":"post","link":"https:\/\/www.caririemacao.com\/1\/2019\/10\/30\/mais-um-pm-paraibano-e-morto-por-engano-em-acao-policial\/","title":{"rendered":"Mais um PM paraibano \u00e9 morto por engano em a\u00e7\u00e3o policial"},"content":{"rendered":"\n<p>Mais um policial militar paraibano foi morto em confronto com outros policiais.<\/p>\n\n\n\n<p>Dessa vez, o fato aconteceu no munic\u00edpio de Tacima, mais precisamente no distrito de Cachoeirinha, no Agreste paraibano, durante a tarde dessa ter\u00e7a-feira, 29.<\/p>\n\n\n\n<p>De acordo com informa\u00e7\u00f5es, a equipe dos policiais potiguares estaria cumprindo um mandado de pris\u00e3o e, quando o caso ocorreu, tanto eles, quanto a v\u00edtima, estavam \u00e0 paisana \u2013 sem farda de militar \u2013 o que pode ter sido o piv\u00f4 do confronto.<\/p>\n\n\n\n<p>A v\u00edtima chegou a ser socorrida e encaminhada \u00e0 cidade de Bel\u00e9m, munic\u00edpio do Brejo paraibano, mas, devido \u00e0 gravidade dos ferimentos, veio a \u00f3bito.<\/p>\n","protected":false},"excerpt":{"rendered":"<p>Mais um policial militar paraibano foi morto em confronto com outros policiais. Dessa vez, o fato aconteceu no munic\u00edpio de Tacima, mais precisamente no distrito&hellip; <\/p>\n","protected":false},"author":1,"featured_media":105425,"comment_status":"closed","ping_status":"closed","sticky":false,"template":"","format":"standard","meta":{"sfsi_plus_gutenberg_text_before_share":"","sfsi_plus_gutenberg_show_text_before_share":"","sfsi_plus_gutenberg_icon_type":"","sfsi_plus_gutenberg_icon_alignemt":"","sfsi_plus_gutenburg_max_per_row":"","footnotes":""},"categories":[12],"tags":[],"class_list":["post-131171","post","type-post","status-publish","format-standard","has-post-thumbnail","hentry","category-policia"],"_links":{"self":[{"href":"https:\/\/www.caririemacao.com\/1\/wp-json\/wp\/v2\/posts\/131171","targetHints":{"allow":["GET"]}}],"collection":[{"href":"https:\/\/www.caririemacao.com\/1\/wp-json\/wp\/v2\/posts"}],"about":[{"href":"https:\/\/www.caririemacao.com\/1\/wp-json\/wp\/v2\/types\/post"}],"author":[{"embeddable":true,"href":"https:\/\/www.caririemacao.com\/1\/wp-json\/wp\/v2\/users\/1"}],"replies":[{"embeddable":true,"href":"https:\/\/www.caririemacao.com\/1\/wp-json\/wp\/v2\/comments?post=131171"}],"version-history":[{"count":1,"href":"https:\/\/www.caririemacao.com\/1\/wp-json\/wp\/v2\/posts\/131171\/revisions"}],"predecessor-version":[{"id":131173,"href":"https:\/\/www.caririemacao.com\/1\/wp-json\/wp\/v2\/posts\/131171\/revisions\/131173"}],"wp:featuredmedia":[{"embeddable":true,"href":"https:\/\/www.caririemacao.com\/1\/wp-json\/wp\/v2\/media\/105425"}],"wp:attachment":[{"href":"https:\/\/www.caririemacao.com\/1\/wp-json\/wp\/v2\/media?parent=131171"}],"wp:term":[{"taxonomy":"category","embeddable":true,"href":"https:\/\/www.caririemacao.com\/1\/wp-json\/wp\/v2\/categories?post=131171"},{"taxonomy":"post_tag","embeddable":true,"href":"https:\/\/www.caririemacao.com\/1\/wp-json\/wp\/v2\/tags?post=131171"}],"curies":[{"name":"wp","href":"https:\/\/api.w.org\/{rel}","templated":true}]}}