{"id":131189,"date":"2019-10-30T10:11:16","date_gmt":"2019-10-30T13:11:16","guid":{"rendered":"http:\/\/www.caririemacao.com\/1\/?p=131189"},"modified":"2019-10-30T10:11:16","modified_gmt":"2019-10-30T13:11:16","slug":"secretaria-de-saude-do-municipio-de-prata-realiza-culminancia-do-outubro-rosa","status":"publish","type":"post","link":"https:\/\/www.caririemacao.com\/1\/2019\/10\/30\/secretaria-de-saude-do-municipio-de-prata-realiza-culminancia-do-outubro-rosa\/","title":{"rendered":"Secretaria de sa\u00fade  do municipio de Prata realiza culminancia do Outubro rosa"},"content":{"rendered":"\n<p>A Secretaria Municipal de Sa\u00fade com o apoio da Prefeitura Municipal de&nbsp;&nbsp;Prata realizou a culmin\u00e2ncia do Outubro Rosa nesta segunda feira(28) de outubro.<br>A Secretaria realizou uma palestra do M\u00e9dico Ginecologista Dr. Jo\u00e3o Vitorino, que mostrou \u00e0s mulheres presente a import\u00e2ncia de fazer a preven\u00e7\u00e3o para combater o c\u00e2ncer de mama, e os cuidados que elas devem ter.<br>A campanha do Outubro Rosa na Prata foi marcada por fortes emo\u00e7\u00f5es em seu encerramento simb\u00f3lico, com as apresenta\u00e7\u00f5es dos bal\u00e9s do CRAS da composto por crian\u00e7as, que apresentaram um lindo espet\u00e1culo aos presentes.&nbsp;<br>No evento estiveram presentes o Prefeito J\u00fanior N\u00f3brega, a Secret\u00e1ria de Sa\u00fade Maria Aparecida, a Secret\u00e1ria de Assist\u00eancia Social Neide Bezerra, o m\u00e9dico Ginecologista&nbsp;<br><\/p>\n\n\n\n<figure class=\"wp-block-image\"><a href=\"https:\/\/1.bp.blogspot.com\/-OYOcWz_jfTc\/Xbca-BfV-fI\/AAAAAAABUWM\/XZB43puzIsgVeGCRyAqicIBesL4h2BGSQCLcBGAsYHQ\/s1600\/20191028_101233.jpg\"><img decoding=\"async\" data-src=\"https:\/\/1.bp.blogspot.com\/-OYOcWz_jfTc\/Xbca-BfV-fI\/AAAAAAABUWM\/XZB43puzIsgVeGCRyAqicIBesL4h2BGSQCLcBGAsYHQ\/s320\/20191028_101233.jpg\" alt=\"\" src=\"data:image\/svg+xml;base64,PHN2ZyB3aWR0aD0iMSIgaGVpZ2h0PSIxIiB4bWxucz0iaHR0cDovL3d3dy53My5vcmcvMjAwMC9zdmciPjwvc3ZnPg==\" class=\"lazyload\" \/><\/a><\/figure>\n\n\n\n<p>Dr. Jo\u00e3o Paulo Vitorino, Diretor do Hospital Adriano, Agentes Comunit\u00e1rios de Sa\u00fade, Agentes de Endemia, enfermeiras e profissionais da Sa\u00fade e de todos os \u00f3rg\u00e3os, e as mulheres que compareceram em grande n\u00famero.<br>O Prefeito J\u00fanior N\u00f3brega disse que \u00e9 um dia muito importante para todas as mulheres do munic\u00edpio e que campanhas como esta sempre ter\u00e3o todo apoio da Prefeitura.<\/p>\n","protected":false},"excerpt":{"rendered":"<p>A Secretaria Municipal de Sa\u00fade com o apoio da Prefeitura Municipal de&nbsp;&nbsp;Prata realizou a culmin\u00e2ncia do Outubro Rosa nesta segunda feira(28) de outubro.A Secretaria realizou&hellip; <\/p>\n","protected":false},"author":1,"featured_media":131190,"comment_status":"closed","ping_status":"closed","sticky":false,"template":"","format":"standard","meta":{"sfsi_plus_gutenberg_text_before_share":"","sfsi_plus_gutenberg_show_text_before_share":"","sfsi_plus_gutenberg_icon_type":"","sfsi_plus_gutenberg_icon_alignemt":"","sfsi_plus_gutenburg_max_per_row":"","footnotes":""},"categories":[16],"tags":[],"class_list":["post-131189","post","type-post","status-publish","format-standard","has-post-thumbnail","hentry","category-saude"],"_links":{"self":[{"href":"https:\/\/www.caririemacao.com\/1\/wp-json\/wp\/v2\/posts\/131189","targetHints":{"allow":["GET"]}}],"collection":[{"href":"https:\/\/www.caririemacao.com\/1\/wp-json\/wp\/v2\/posts"}],"about":[{"href":"https:\/\/www.caririemacao.com\/1\/wp-json\/wp\/v2\/types\/post"}],"author":[{"embeddable":true,"href":"https:\/\/www.caririemacao.com\/1\/wp-json\/wp\/v2\/users\/1"}],"replies":[{"embeddable":true,"href":"https:\/\/www.caririemacao.com\/1\/wp-json\/wp\/v2\/comments?post=131189"}],"version-history":[{"count":1,"href":"https:\/\/www.caririemacao.com\/1\/wp-json\/wp\/v2\/posts\/131189\/revisions"}],"predecessor-version":[{"id":131191,"href":"https:\/\/www.caririemacao.com\/1\/wp-json\/wp\/v2\/posts\/131189\/revisions\/131191"}],"wp:featuredmedia":[{"embeddable":true,"href":"https:\/\/www.caririemacao.com\/1\/wp-json\/wp\/v2\/media\/131190"}],"wp:attachment":[{"href":"https:\/\/www.caririemacao.com\/1\/wp-json\/wp\/v2\/media?parent=131189"}],"wp:term":[{"taxonomy":"category","embeddable":true,"href":"https:\/\/www.caririemacao.com\/1\/wp-json\/wp\/v2\/categories?post=131189"},{"taxonomy":"post_tag","embeddable":true,"href":"https:\/\/www.caririemacao.com\/1\/wp-json\/wp\/v2\/tags?post=131189"}],"curies":[{"name":"wp","href":"https:\/\/api.w.org\/{rel}","templated":true}]}}