{"id":131200,"date":"2019-10-30T10:32:18","date_gmt":"2019-10-30T13:32:18","guid":{"rendered":"http:\/\/www.caririemacao.com\/1\/?p=131200"},"modified":"2019-10-30T10:32:18","modified_gmt":"2019-10-30T13:32:18","slug":"menina-de-cinco-anos-e-morta-a-facadas-na-porta-da-escola","status":"publish","type":"post","link":"https:\/\/www.caririemacao.com\/1\/2019\/10\/30\/menina-de-cinco-anos-e-morta-a-facadas-na-porta-da-escola\/","title":{"rendered":"Menina de cinco anos \u00e9 morta a facadas na porta da escola"},"content":{"rendered":"\n<p>Uma crian\u00e7a de 5 anos foi assassinada com facadas na porta de uma escola, em Betim, na Regi\u00e3o Metropolitana de Belo Horizonte, na manh\u00e3 desta quarta-feira (30). De acordo com a Pol\u00edcia Militar (PM), Moabe Edon Pinto Nogueira Souto, de 25 anos, foi preso como suspeito.<\/p>\n\n\n\n<p>Aos militares, ele disse que cometeu o crime a mando de uma entidade. Ele teria ouvido uma voz ordenando o assassinato. Moabe usava tornozeleira eletr\u00f4nica.<\/p>\n\n\n\n<p>Ainda segundo a pol\u00edcia, a menina estava acompanhada da bab\u00e1, que tentou defend\u00ea-la. O assassinato foi pr\u00f3ximo ao Col\u00e9gio Neuza Dutra, no bairro Vila Cristina. A per\u00edcia da Pol\u00edcia Civil foi acionada e agentes do Instituto M\u00e9dico-Legal (IML) recolheram o corpo da crian\u00e7a.<\/p>\n\n\n\n<p>Vizinhos contaram que populares tentaram linchar o homem antes de ele ser preso. De acordo com o boletim de ocorr\u00eancia, quando os policiais chegaram ao local, Moabe estava ferido. Ele foi levado para a Unidade de Pronto Atendimento (UPA) Teres\u00f3polis com les\u00f5es leves.<\/p>\n\n\n\n<p>Dentro da viatura, ele disse aos policiais que surtou e que estava fazendo um pacto com o diabo. Na UPA, o homem afirmou que havia passado a noite fumando crack.&nbsp;<\/p>\n\n\n\n<p>Depois de ser atendido por um m\u00e9dico, Moabe foi preso e conduzido a um batalh\u00e3o da PM.<\/p>\n\n\n\n<p>De acordo com a Pol\u00edcia Civil, o caso ser\u00e1 investigado pela Delegacia Especializada de Homic\u00eddios de Betim.<\/p>\n","protected":false},"excerpt":{"rendered":"<p>Uma crian\u00e7a de 5 anos foi assassinada com facadas na porta de uma escola, em Betim, na Regi\u00e3o Metropolitana de Belo Horizonte, na manh\u00e3 desta&hellip; <\/p>\n","protected":false},"author":1,"featured_media":131202,"comment_status":"closed","ping_status":"closed","sticky":false,"template":"","format":"standard","meta":{"sfsi_plus_gutenberg_text_before_share":"","sfsi_plus_gutenberg_show_text_before_share":"","sfsi_plus_gutenberg_icon_type":"","sfsi_plus_gutenberg_icon_alignemt":"","sfsi_plus_gutenburg_max_per_row":"","footnotes":""},"categories":[12],"tags":[],"class_list":["post-131200","post","type-post","status-publish","format-standard","has-post-thumbnail","hentry","category-policia"],"_links":{"self":[{"href":"https:\/\/www.caririemacao.com\/1\/wp-json\/wp\/v2\/posts\/131200","targetHints":{"allow":["GET"]}}],"collection":[{"href":"https:\/\/www.caririemacao.com\/1\/wp-json\/wp\/v2\/posts"}],"about":[{"href":"https:\/\/www.caririemacao.com\/1\/wp-json\/wp\/v2\/types\/post"}],"author":[{"embeddable":true,"href":"https:\/\/www.caririemacao.com\/1\/wp-json\/wp\/v2\/users\/1"}],"replies":[{"embeddable":true,"href":"https:\/\/www.caririemacao.com\/1\/wp-json\/wp\/v2\/comments?post=131200"}],"version-history":[{"count":1,"href":"https:\/\/www.caririemacao.com\/1\/wp-json\/wp\/v2\/posts\/131200\/revisions"}],"predecessor-version":[{"id":131203,"href":"https:\/\/www.caririemacao.com\/1\/wp-json\/wp\/v2\/posts\/131200\/revisions\/131203"}],"wp:featuredmedia":[{"embeddable":true,"href":"https:\/\/www.caririemacao.com\/1\/wp-json\/wp\/v2\/media\/131202"}],"wp:attachment":[{"href":"https:\/\/www.caririemacao.com\/1\/wp-json\/wp\/v2\/media?parent=131200"}],"wp:term":[{"taxonomy":"category","embeddable":true,"href":"https:\/\/www.caririemacao.com\/1\/wp-json\/wp\/v2\/categories?post=131200"},{"taxonomy":"post_tag","embeddable":true,"href":"https:\/\/www.caririemacao.com\/1\/wp-json\/wp\/v2\/tags?post=131200"}],"curies":[{"name":"wp","href":"https:\/\/api.w.org\/{rel}","templated":true}]}}