{"id":131214,"date":"2019-10-30T10:34:50","date_gmt":"2019-10-30T13:34:50","guid":{"rendered":"http:\/\/www.caririemacao.com\/1\/?p=131214"},"modified":"2019-10-30T10:34:50","modified_gmt":"2019-10-30T13:34:50","slug":"para-mourao-depoimento-de-porteiro-nao-derruba-mas-perturba-governo-bolsonaro","status":"publish","type":"post","link":"https:\/\/www.caririemacao.com\/1\/2019\/10\/30\/para-mourao-depoimento-de-porteiro-nao-derruba-mas-perturba-governo-bolsonaro\/","title":{"rendered":"Para Mour\u00e3o, depoimento de porteiro n\u00e3o derruba, mas perturba governo Bolsonaro"},"content":{"rendered":"\n<p>O presidente interino Hamilton Mour\u00e3o disse nesta quarta-feira (30) que o depoimento de um porteiro no caso do assassinato da vereadora Marielle Franco (PSOL) n\u00e3o tem for\u00e7a para derrubar a atual gest\u00e3o, mas o general reconheceu que ele atrapalha o andamento do governo.<br><\/p>\n\n\n\n<p>Segundo reportagem da TV Globo, baseada em depoimento de um porteiro do condom\u00ednio onde o presidente Jair Bolsonaro tem casa, o ex-policial militar \u00c9lcio Queiroz, suspeito de envolvimento na morte, disse na portaria que iria \u00e0 casa do presidente no dia do crime.<\/p>\n\n\n\n<p>&#8220;N\u00e3o, n\u00e3o d\u00e1 para derrubar o governo dessa forma, mas que perturba o bom andamento do servi\u00e7o, como se diz na linguagem militar, perturba&#8221;, disse Mour\u00e3o.&nbsp;<\/p>\n\n\n\n<p>Ele ponderou, no entanto, que achou o depoimento &#8220;muito fraco&#8221; e que n\u00e3o era o caso de ter feito, de acordo com ele, &#8220;o esc\u00e2ndalo todo que foi feito&#8221;. Ele saiu em defesa de Bolsonaro e disse que o presidente &#8220;reagiu com bastante calma at\u00e9&#8221;.<\/p>\n\n\n\n<p>Em transmiss\u00e3o nas redes sociais, no entanto, Bolsonaro se alterou e atacou a Rede Globo e o governador do Rio de Janeiro, Wilson Witzel, a quem chamou de &#8220;inimigo&#8221;.<\/p>\n\n\n\n<p>&#8220;Toda pessoa que \u00e9 atingida de forma desleal e quando sabe muito bem que n\u00e3o tem nada a ver com o processo se sente, vamos dizer, se sente triste, se sente enraivecida muitas vezes. Acho que o presidente reagiu com bastante calma at\u00e9&#8221;, disse Mour\u00e3o.<\/p>\n\n\n\n<p>O presidente interino disse acreditar que, apesar de o epis\u00f3dio perturbar o &#8220;bom andamento do servi\u00e7o&#8221;, n\u00e3o deve atrasar o an\u00fancio de medidas econ\u00f4micas, como um pacote de est\u00edmulo para a gera\u00e7\u00e3o de emprego e a reformula\u00e7\u00e3o do funcionalismo p\u00fablico.<\/p>\n\n\n\n<p>&#8220;\u00c9 um assunto que n\u00e3o sustenta um interrogat\u00f3rio normal desse cidad\u00e3o a\u00ed&#8221;, disse.<\/p>\n\n\n\n<p>&#8220;Est\u00e1 na m\u00e3o do estado ainda, do Rio de Janeiro, \u00e9 um crime cometido l\u00e1, n\u00e3o \u00e9 um crime federal. Agora, tem de ser investigado de forma correta.&#8221;<\/p>\n\n\n\n<p>O general da reserva ponderou, contudo, que o crime poderia passar para a esfera federal caso se chegue \u00e0 conclus\u00e3o de que o inqu\u00e9rito &#8220;n\u00e3o est\u00e1 sendo conduzido de forma correta&#8221;. &#8220;Eu acho que o presidente tem toda autoridade para tentar buscar uma defesa dele, de modo que esse cidad\u00e3o seja ouvido por outras pessoas&#8221;, afirmou.<\/p>\n\n\n\n<p>Em uma estrat\u00e9gia combinada, um grupo de ministros saiu em defesa do presidente e contra a Rede Globo nas redes sociais. O ministro do GSI (Gabinete de Seguran\u00e7a Institucional), Augusto Heleno, escreveu, por exemplo, que tentam desestabilizar Bolsonaro.<\/p>\n\n\n\n<p>&#8220;A Rede Globo sensacionalista ignorou a \u00e9tica, a honestidade intelectual e os fatos para tentar ligar o presidente ao caso Marielle. Usou, levianamente, o depoimento de um porteiro, com o objetivo de desestabilizar Bolsonaro a qualquer custo&#8221;, disse.<\/p>\n\n\n\n<p>No mesmo tom, o ministro da Secretaria de Governo, Luiz Eduardo Ramos, escreveu que a reportagem &#8220;envergonha a hist\u00f3ria&#8221; do Jornal Nacional em uma mat\u00e9ria &#8220;tendenciosa&#8221; e com suspeitas &#8220;infundadas&#8221;.<\/p>\n\n\n\n<p>&#8220;Mat\u00e9ria claramente tendenciosa e deturpando fatos e criando suspeitas infundadas. A dire\u00e7\u00e3o da TV Globo deveria ter mais responsabilidade com sua hist\u00f3ria&#8221;, disse.<\/p>\n","protected":false},"excerpt":{"rendered":"<p>O presidente interino Hamilton Mour\u00e3o disse nesta quarta-feira (30) que o depoimento de um porteiro no caso do assassinato da vereadora Marielle Franco (PSOL) n\u00e3o&hellip; <\/p>\n","protected":false},"author":1,"featured_media":99257,"comment_status":"closed","ping_status":"closed","sticky":false,"template":"","format":"standard","meta":{"sfsi_plus_gutenberg_text_before_share":"","sfsi_plus_gutenberg_show_text_before_share":"","sfsi_plus_gutenberg_icon_type":"","sfsi_plus_gutenberg_icon_alignemt":"","sfsi_plus_gutenburg_max_per_row":"","footnotes":""},"categories":[11],"tags":[],"class_list":["post-131214","post","type-post","status-publish","format-standard","has-post-thumbnail","hentry","category-politica"],"_links":{"self":[{"href":"https:\/\/www.caririemacao.com\/1\/wp-json\/wp\/v2\/posts\/131214","targetHints":{"allow":["GET"]}}],"collection":[{"href":"https:\/\/www.caririemacao.com\/1\/wp-json\/wp\/v2\/posts"}],"about":[{"href":"https:\/\/www.caririemacao.com\/1\/wp-json\/wp\/v2\/types\/post"}],"author":[{"embeddable":true,"href":"https:\/\/www.caririemacao.com\/1\/wp-json\/wp\/v2\/users\/1"}],"replies":[{"embeddable":true,"href":"https:\/\/www.caririemacao.com\/1\/wp-json\/wp\/v2\/comments?post=131214"}],"version-history":[{"count":1,"href":"https:\/\/www.caririemacao.com\/1\/wp-json\/wp\/v2\/posts\/131214\/revisions"}],"predecessor-version":[{"id":131215,"href":"https:\/\/www.caririemacao.com\/1\/wp-json\/wp\/v2\/posts\/131214\/revisions\/131215"}],"wp:featuredmedia":[{"embeddable":true,"href":"https:\/\/www.caririemacao.com\/1\/wp-json\/wp\/v2\/media\/99257"}],"wp:attachment":[{"href":"https:\/\/www.caririemacao.com\/1\/wp-json\/wp\/v2\/media?parent=131214"}],"wp:term":[{"taxonomy":"category","embeddable":true,"href":"https:\/\/www.caririemacao.com\/1\/wp-json\/wp\/v2\/categories?post=131214"},{"taxonomy":"post_tag","embeddable":true,"href":"https:\/\/www.caririemacao.com\/1\/wp-json\/wp\/v2\/tags?post=131214"}],"curies":[{"name":"wp","href":"https:\/\/api.w.org\/{rel}","templated":true}]}}