{"id":131232,"date":"2019-10-30T11:15:36","date_gmt":"2019-10-30T14:15:36","guid":{"rendered":"http:\/\/www.caririemacao.com\/1\/?p=131232"},"modified":"2019-10-30T11:15:36","modified_gmt":"2019-10-30T14:15:36","slug":"leo-magalhaes-diz-que-nao-comprara-direitos-de-caneta-azul-para-grava-la","status":"publish","type":"post","link":"https:\/\/www.caririemacao.com\/1\/2019\/10\/30\/leo-magalhaes-diz-que-nao-comprara-direitos-de-caneta-azul-para-grava-la\/","title":{"rendered":"L\u00e9o Magalh\u00e3es diz que n\u00e3o comprar\u00e1 direitos de &#8216;Caneta Azul&#8217; para grav\u00e1-la"},"content":{"rendered":"\n<p>O cantor L\u00e9o Magalh\u00e3es, 39, que repercutiu na internet a m\u00fasica &#8220;Caneta Azul&#8221;, do maranhense Manoel Gomes, afirmou que n\u00e3o gravar\u00e1 a can\u00e7\u00e3o, apesar do sucesso que ela tem feito entre os internautas.<br><\/p>\n\n\n\n<p>&#8220;Caneta azul se transformou em um grande sucesso. Eu, particularmente, adorei a m\u00fasica. Postei cantando, postei o Manoel cantando&#8221;, afirmou o cantor atrav\u00e9s do Instagram stories.<\/p>\n\n\n\n<p>&#8220;Circularam algumas not\u00edcias de que eu e meu empres\u00e1rio estar\u00edamos querendo comprar os direitos autorais da m\u00fasica para gravar, mas isso n\u00e3o \u00e9 verdade, isso \u00e9 mentira. A gente deseja muito sucesso ao Manoel, que de uma semana para c\u00e1 gravou a m\u00fasica cantando [&#8230;] e tomara que ele fa\u00e7a mais m\u00fasicas assim, para a nossa alegria.&#8221;<\/p>\n\n\n\n<p>Os versos de &#8220;Caneta Azul&#8221;&nbsp;<a href=\"https:\/\/www.clickpb.com.br\/brasil\/maranhense-viraliza-na-internet-com-musica-sobre-caneta-azul-que-ganhou-versao-de-tirullipa-270687.html\">falam, melancolicamente, sobre a perda de uma caneta<\/a>. O v\u00eddeo com L\u00e9o Magalh\u00e3es cantando a m\u00fasica foi publicado na \u00faltima semana.&nbsp;<\/p>\n\n\n\n<p>Artistas como Rodrigo Faro, Tirullipa e Simaria fizeram suas pr\u00f3prias vers\u00f5es da can\u00e7\u00e3o e tamb\u00e9m publicaram na internet. Diversos memes e recria\u00e7\u00f5es em cima da m\u00fasica surgiram no Twitter e Intagram nos \u00faltimos dias.<\/p>\n","protected":false},"excerpt":{"rendered":"<p>O cantor L\u00e9o Magalh\u00e3es, 39, que repercutiu na internet a m\u00fasica &#8220;Caneta Azul&#8221;, do maranhense Manoel Gomes, afirmou que n\u00e3o gravar\u00e1 a can\u00e7\u00e3o, apesar do&hellip; <\/p>\n","protected":false},"author":1,"featured_media":131236,"comment_status":"closed","ping_status":"closed","sticky":false,"template":"","format":"standard","meta":{"sfsi_plus_gutenberg_text_before_share":"","sfsi_plus_gutenberg_show_text_before_share":"","sfsi_plus_gutenberg_icon_type":"","sfsi_plus_gutenberg_icon_alignemt":"","sfsi_plus_gutenburg_max_per_row":"","footnotes":""},"categories":[2],"tags":[],"class_list":["post-131232","post","type-post","status-publish","format-standard","has-post-thumbnail","hentry","category-geral"],"_links":{"self":[{"href":"https:\/\/www.caririemacao.com\/1\/wp-json\/wp\/v2\/posts\/131232","targetHints":{"allow":["GET"]}}],"collection":[{"href":"https:\/\/www.caririemacao.com\/1\/wp-json\/wp\/v2\/posts"}],"about":[{"href":"https:\/\/www.caririemacao.com\/1\/wp-json\/wp\/v2\/types\/post"}],"author":[{"embeddable":true,"href":"https:\/\/www.caririemacao.com\/1\/wp-json\/wp\/v2\/users\/1"}],"replies":[{"embeddable":true,"href":"https:\/\/www.caririemacao.com\/1\/wp-json\/wp\/v2\/comments?post=131232"}],"version-history":[{"count":1,"href":"https:\/\/www.caririemacao.com\/1\/wp-json\/wp\/v2\/posts\/131232\/revisions"}],"predecessor-version":[{"id":131237,"href":"https:\/\/www.caririemacao.com\/1\/wp-json\/wp\/v2\/posts\/131232\/revisions\/131237"}],"wp:featuredmedia":[{"embeddable":true,"href":"https:\/\/www.caririemacao.com\/1\/wp-json\/wp\/v2\/media\/131236"}],"wp:attachment":[{"href":"https:\/\/www.caririemacao.com\/1\/wp-json\/wp\/v2\/media?parent=131232"}],"wp:term":[{"taxonomy":"category","embeddable":true,"href":"https:\/\/www.caririemacao.com\/1\/wp-json\/wp\/v2\/categories?post=131232"},{"taxonomy":"post_tag","embeddable":true,"href":"https:\/\/www.caririemacao.com\/1\/wp-json\/wp\/v2\/tags?post=131232"}],"curies":[{"name":"wp","href":"https:\/\/api.w.org\/{rel}","templated":true}]}}