{"id":131244,"date":"2019-10-30T13:14:10","date_gmt":"2019-10-30T16:14:10","guid":{"rendered":"http:\/\/www.caririemacao.com\/1\/?p=131244"},"modified":"2019-10-30T13:14:10","modified_gmt":"2019-10-30T16:14:10","slug":"dodge-diz-que-mencao-a-bolsonaro-deve-levar-caso-de-marielle-ao-stf","status":"publish","type":"post","link":"https:\/\/www.caririemacao.com\/1\/2019\/10\/30\/dodge-diz-que-mencao-a-bolsonaro-deve-levar-caso-de-marielle-ao-stf\/","title":{"rendered":"Dodge diz que men\u00e7\u00e3o a Bolsonaro deve levar caso de Marielle ao STF"},"content":{"rendered":"\n<p>A ex-procuradora-geral da Rep\u00fablica Raquel Dodge afirmou que a men\u00e7\u00e3o ao presidente Jair Bolsonaro na investiga\u00e7\u00e3o sobre o assassinato da vereadora Marielle Franco (PSOL) deve fazer o caso ser levado ao STF (Supremo Tribunal Federal).<br><\/p>\n\n\n\n<p>Dodge afirmou ainda que \u00e9 preciso aprofundar a investiga\u00e7\u00e3o desse ponto e que caber\u00e1 ao STF determinar se h\u00e1 ind\u00edcios para que Bolsonaro seja processado.<\/p>\n\n\n\n<p>&#8220;Toda vez que h\u00e1 uma autoridade com foro por prerrogativa de fun\u00e7\u00e3o referida, ainda que n\u00e3o haja nenhuma evid\u00eancia contra ela, os casos costumam ser remetidos ao foro competente. E imagino que deva acontecer igualmente nesse caso&#8221;, disse a jornalistas.<\/p>\n\n\n\n<p>&#8220;Esse tribunal [STF, no caso de Bolsonaro] dir\u00e1 se os ind\u00edcios s\u00e3o fortes realmente ou n\u00e3o para manter o processamento naquele ju\u00edzo&#8221;, completou.<\/p>\n\n\n\n<p>Dodge participou nesta quarta (30) do evento Summit Brasil, organizado pelo jornal Estado de S. Paulo.<\/p>\n\n\n\n<p>Segundo reportagem do Jornal Nacional, o ex-policial militar \u00c9lcio Queiroz, suspeito de envolvimento no assassinato de Marielle Franco (PSOL) e do motorista Anderson Gomes em mar\u00e7o de 2018, disse na portaria que iria \u00e0 casa de Bolsonaro, na \u00e9poca deputado federal, no dia do crime.<\/p>\n\n\n\n<p>Os registros de presen\u00e7a da C\u00e2mara dos Deputados, no entanto, mostram que Bolsonaro estava em Bras\u00edlia nesse dia.<\/p>\n\n\n\n<p>Segundo o depoimento do porteiro \u00e0 Pol\u00edcia Civil do Rio de Janeiro, o suspeito pediu para ir na casa de Bolsonaro e um homem com a mesma voz do presidente atendeu o interfone e autorizou a entrada. O acusado, no entanto, teria ido a outra casa dentro do condom\u00ednio.<\/p>\n\n\n\n<p>&#8220;Estou conversando com o ministro da Justi\u00e7a o que pode ser feito para tomar via PF o depoimento desse porteiro&#8221;, disse Bolsonaro nesta quarta (30), em Riad (Ar\u00e1bia Saudita). &#8220;De modo que esse fantasma que querem colocar no meu colo como mentor [do assassinato de Marielle] seja enterrado de vez&#8221;.<\/p>\n\n\n\n<p>Para o presidente, o porteiro se equivocou ou acabou assinando o que o delegado escreveu. Ele afirmou ainda que deve ser uma pessoa &#8220;humilde&#8221;, que est\u00e1 sendo &#8220;usada&#8221; pelo delegado a mando do governador do Rio de Janeiro, Wilson Witzel (PSC).<\/p>\n","protected":false},"excerpt":{"rendered":"<p>A ex-procuradora-geral da Rep\u00fablica Raquel Dodge afirmou que a men\u00e7\u00e3o ao presidente Jair Bolsonaro na investiga\u00e7\u00e3o sobre o assassinato da vereadora Marielle Franco (PSOL) deve&hellip; <\/p>\n","protected":false},"author":1,"featured_media":117492,"comment_status":"closed","ping_status":"closed","sticky":false,"template":"","format":"standard","meta":{"sfsi_plus_gutenberg_text_before_share":"","sfsi_plus_gutenberg_show_text_before_share":"","sfsi_plus_gutenberg_icon_type":"","sfsi_plus_gutenberg_icon_alignemt":"","sfsi_plus_gutenburg_max_per_row":"","footnotes":""},"categories":[11],"tags":[],"class_list":["post-131244","post","type-post","status-publish","format-standard","has-post-thumbnail","hentry","category-politica"],"_links":{"self":[{"href":"https:\/\/www.caririemacao.com\/1\/wp-json\/wp\/v2\/posts\/131244","targetHints":{"allow":["GET"]}}],"collection":[{"href":"https:\/\/www.caririemacao.com\/1\/wp-json\/wp\/v2\/posts"}],"about":[{"href":"https:\/\/www.caririemacao.com\/1\/wp-json\/wp\/v2\/types\/post"}],"author":[{"embeddable":true,"href":"https:\/\/www.caririemacao.com\/1\/wp-json\/wp\/v2\/users\/1"}],"replies":[{"embeddable":true,"href":"https:\/\/www.caririemacao.com\/1\/wp-json\/wp\/v2\/comments?post=131244"}],"version-history":[{"count":1,"href":"https:\/\/www.caririemacao.com\/1\/wp-json\/wp\/v2\/posts\/131244\/revisions"}],"predecessor-version":[{"id":131246,"href":"https:\/\/www.caririemacao.com\/1\/wp-json\/wp\/v2\/posts\/131244\/revisions\/131246"}],"wp:featuredmedia":[{"embeddable":true,"href":"https:\/\/www.caririemacao.com\/1\/wp-json\/wp\/v2\/media\/117492"}],"wp:attachment":[{"href":"https:\/\/www.caririemacao.com\/1\/wp-json\/wp\/v2\/media?parent=131244"}],"wp:term":[{"taxonomy":"category","embeddable":true,"href":"https:\/\/www.caririemacao.com\/1\/wp-json\/wp\/v2\/categories?post=131244"},{"taxonomy":"post_tag","embeddable":true,"href":"https:\/\/www.caririemacao.com\/1\/wp-json\/wp\/v2\/tags?post=131244"}],"curies":[{"name":"wp","href":"https:\/\/api.w.org\/{rel}","templated":true}]}}