{"id":131268,"date":"2019-10-30T13:58:08","date_gmt":"2019-10-30T16:58:08","guid":{"rendered":"http:\/\/www.caririemacao.com\/1\/?p=131268"},"modified":"2019-10-30T13:58:08","modified_gmt":"2019-10-30T16:58:08","slug":"prefeitura-de-amparo-realiza-pagamento-dos-servidores-referente-ao-mes-de-outubro","status":"publish","type":"post","link":"https:\/\/www.caririemacao.com\/1\/2019\/10\/30\/prefeitura-de-amparo-realiza-pagamento-dos-servidores-referente-ao-mes-de-outubro\/","title":{"rendered":"Prefeitura de Amparo realiza pagamento dos servidores referente ao m\u00eas de Outubro"},"content":{"rendered":"\n<p>A Prefeitura Amparo paga nesta quarta-feira (30) os sal\u00e1rios dos servidores p\u00fablicos municipais referente ao m\u00eas de Outubro. Os valores come\u00e7am a ser creditados nas respectivas contas dos funcion\u00e1rios durante o per\u00edodo da tarde.<br>A transfer\u00eancia banc\u00e1ria foi autorizada na manh\u00e3 desta quarta-feira pelo prefeito In\u00e1cio N\u00f3brega.&nbsp;&nbsp;O pagamento efetuado dentro do m\u00eas trabalhado refor\u00e7a o compromisso do prefeito para com os servidores p\u00fablicos municipais.<br>Com Amparo Ligado<\/p>\n","protected":false},"excerpt":{"rendered":"<p>A Prefeitura Amparo paga nesta quarta-feira (30) os sal\u00e1rios dos servidores p\u00fablicos municipais referente ao m\u00eas de Outubro. Os valores come\u00e7am a ser creditados nas&hellip; <\/p>\n","protected":false},"author":1,"featured_media":106099,"comment_status":"closed","ping_status":"closed","sticky":false,"template":"","format":"standard","meta":{"sfsi_plus_gutenberg_text_before_share":"","sfsi_plus_gutenberg_show_text_before_share":"","sfsi_plus_gutenberg_icon_type":"","sfsi_plus_gutenberg_icon_alignemt":"","sfsi_plus_gutenburg_max_per_row":"","footnotes":""},"categories":[2],"tags":[],"class_list":["post-131268","post","type-post","status-publish","format-standard","has-post-thumbnail","hentry","category-geral"],"_links":{"self":[{"href":"https:\/\/www.caririemacao.com\/1\/wp-json\/wp\/v2\/posts\/131268","targetHints":{"allow":["GET"]}}],"collection":[{"href":"https:\/\/www.caririemacao.com\/1\/wp-json\/wp\/v2\/posts"}],"about":[{"href":"https:\/\/www.caririemacao.com\/1\/wp-json\/wp\/v2\/types\/post"}],"author":[{"embeddable":true,"href":"https:\/\/www.caririemacao.com\/1\/wp-json\/wp\/v2\/users\/1"}],"replies":[{"embeddable":true,"href":"https:\/\/www.caririemacao.com\/1\/wp-json\/wp\/v2\/comments?post=131268"}],"version-history":[{"count":1,"href":"https:\/\/www.caririemacao.com\/1\/wp-json\/wp\/v2\/posts\/131268\/revisions"}],"predecessor-version":[{"id":131276,"href":"https:\/\/www.caririemacao.com\/1\/wp-json\/wp\/v2\/posts\/131268\/revisions\/131276"}],"wp:featuredmedia":[{"embeddable":true,"href":"https:\/\/www.caririemacao.com\/1\/wp-json\/wp\/v2\/media\/106099"}],"wp:attachment":[{"href":"https:\/\/www.caririemacao.com\/1\/wp-json\/wp\/v2\/media?parent=131268"}],"wp:term":[{"taxonomy":"category","embeddable":true,"href":"https:\/\/www.caririemacao.com\/1\/wp-json\/wp\/v2\/categories?post=131268"},{"taxonomy":"post_tag","embeddable":true,"href":"https:\/\/www.caririemacao.com\/1\/wp-json\/wp\/v2\/tags?post=131268"}],"curies":[{"name":"wp","href":"https:\/\/api.w.org\/{rel}","templated":true}]}}